{"id":7578,"date":"2016-11-14T19:08:07","date_gmt":"2016-11-14T22:08:07","guid":{"rendered":"http:\/\/www.atecordoba.org\/?p=7578"},"modified":"2016-11-14T19:08:07","modified_gmt":"2016-11-14T22:08:07","slug":"paritarias-ya-campana-provincial-en-rechazo-al-bono-de-fin-de-ano","status":"publish","type":"post","link":"https:\/\/atecordoba.org\/?p=7578","title":{"rendered":"Paritarias ya: campa\u00f1a provincial en rechazo al bono de fin de a\u00f1o"},"content":{"rendered":"<p><em>En el marco de la campa\u00f1a en reclamo por la reapertura de paritarias, ATE C\u00f3rdoba despleg\u00f3 una serie de pasacalles en distintos puntos de la ciudad para expresar el rechazo de los estatales al bono de fin de a\u00f1o.<\/em><\/p>\n<p><img loading=\"lazy\" decoding=\"async\" class=\"aligncenter size-full wp-image-7594\" src=\"http:\/\/www.atecordoba.org\/wp-content\/uploads\/2016\/11\/WhatsApp-Image-2016-11-14-at-15.56.10-e1479161172256.jpeg\" alt=\"whatsapp-image-2016-11-14-at-15-56-10\" width=\"550\" height=\"330\"> <img loading=\"lazy\" decoding=\"async\" class=\"aligncenter size-full wp-image-7595\" src=\"http:\/\/www.atecordoba.org\/wp-content\/uploads\/2016\/11\/WhatsApp-Image-2016-11-14-at-15.56.11-e1479161187499.jpeg\" alt=\"whatsapp-image-2016-11-14-at-15-56-11\" width=\"550\" height=\"330\"> <img loading=\"lazy\" decoding=\"async\" class=\"aligncenter size-full wp-image-7593\" src=\"http:\/\/www.atecordoba.org\/wp-content\/uploads\/2016\/11\/WhatsApp-Image-2016-11-14-at-15.56.09-e1479161155489.jpeg\" alt=\"whatsapp-image-2016-11-14-at-15-56-09\" width=\"550\" height=\"330\"> <img loading=\"lazy\" decoding=\"async\" class=\"aligncenter size-full wp-image-7592\" src=\"http:\/\/www.atecordoba.org\/wp-content\/uploads\/2016\/11\/WhatsApp-Image-2016-11-14-at-15.56.08-e1479161138185.jpeg\" alt=\"whatsapp-image-2016-11-14-at-15-56-08\" width=\"550\" height=\"330\"> <img loading=\"lazy\" decoding=\"async\" class=\"aligncenter size-full wp-image-7591\" src=\"http:\/\/www.atecordoba.org\/wp-content\/uploads\/2016\/11\/WhatsApp-Image-2016-11-14-at-15.54.31-e1479161124426.jpeg\" alt=\"whatsapp-image-2016-11-14-at-15-54-31\" width=\"550\" height=\"330\"> <img loading=\"lazy\" decoding=\"async\" class=\"aligncenter size-full wp-image-7590\" src=\"http:\/\/www.atecordoba.org\/wp-content\/uploads\/2016\/11\/WhatsApp-Image-2016-11-14-at-15.54.30-e1479161112613.jpeg\" alt=\"whatsapp-image-2016-11-14-at-15-54-30\" width=\"550\" height=\"330\"> <img loading=\"lazy\" decoding=\"async\" class=\"aligncenter size-full wp-image-7584\" src=\"http:\/\/www.atecordoba.org\/wp-content\/uploads\/2016\/11\/WhatsApp-Image-2016-11-14-at-15.54.26-e1479161029516.jpeg\" alt=\"whatsapp-image-2016-11-14-at-15-54-26\" width=\"550\" height=\"330\"> <img loading=\"lazy\" decoding=\"async\" class=\"aligncenter size-full wp-image-7585\" src=\"http:\/\/www.atecordoba.org\/wp-content\/uploads\/2016\/11\/WhatsApp-Image-2016-11-14-at-15.54.27-e1479161040944.jpeg\" alt=\"whatsapp-image-2016-11-14-at-15-54-27\" width=\"550\" height=\"330\"> <img loading=\"lazy\" decoding=\"async\" class=\"aligncenter size-full wp-image-7579\" src=\"http:\/\/www.atecordoba.org\/wp-content\/uploads\/2016\/11\/WhatsApp-Image-2016-11-14-at-15.54.23-e1479160942943.jpeg\" alt=\"whatsapp-image-2016-11-14-at-15-54-23\" width=\"550\" height=\"330\"> <img loading=\"lazy\" decoding=\"async\" class=\"aligncenter size-full wp-image-7580\" src=\"http:\/\/www.atecordoba.org\/wp-content\/uploads\/2016\/11\/WhatsApp-Image-2016-11-14-at-15.54.24-1-e1479160959596.jpeg\" alt=\"whatsapp-image-2016-11-14-at-15-54-24-1\" width=\"550\" height=\"330\"> <img loading=\"lazy\" decoding=\"async\" class=\"aligncenter size-full wp-image-7586\" src=\"http:\/\/www.atecordoba.org\/wp-content\/uploads\/2016\/11\/WhatsApp-Image-2016-11-14-at-15.54.28-1-e1479161054750.jpeg\" alt=\"whatsapp-image-2016-11-14-at-15-54-28-1\" width=\"550\" height=\"330\"> <img loading=\"lazy\" decoding=\"async\" class=\"aligncenter size-full wp-image-7587\" src=\"http:\/\/www.atecordoba.org\/wp-content\/uploads\/2016\/11\/WhatsApp-Image-2016-11-14-at-15.54.28-e1479161067668.jpeg\" alt=\"whatsapp-image-2016-11-14-at-15-54-28\" width=\"550\" height=\"330\"> <img loading=\"lazy\" decoding=\"async\" class=\"aligncenter size-full wp-image-7581\" src=\"http:\/\/www.atecordoba.org\/wp-content\/uploads\/2016\/11\/WhatsApp-Image-2016-11-14-at-15.54.24-e1479160970565.jpeg\" alt=\"whatsapp-image-2016-11-14-at-15-54-24\" width=\"550\" height=\"330\"> <img loading=\"lazy\" decoding=\"async\" class=\"aligncenter size-full wp-image-7582\" src=\"http:\/\/www.atecordoba.org\/wp-content\/uploads\/2016\/11\/WhatsApp-Image-2016-11-14-at-15.54.25-e1479160988713.jpeg\" alt=\"whatsapp-image-2016-11-14-at-15-54-25\" width=\"550\" height=\"330\"> <img loading=\"lazy\" decoding=\"async\" class=\"aligncenter size-full wp-image-7588\" src=\"http:\/\/www.atecordoba.org\/wp-content\/uploads\/2016\/11\/WhatsApp-Image-2016-11-14-at-15.54.29-1-e1479161080459.jpeg\" alt=\"whatsapp-image-2016-11-14-at-15-54-29-1\" width=\"550\" height=\"330\"> <img loading=\"lazy\" decoding=\"async\" class=\"aligncenter size-full wp-image-7589\" src=\"http:\/\/www.atecordoba.org\/wp-content\/uploads\/2016\/11\/WhatsApp-Image-2016-11-14-at-15.54.29-e1479161096182.jpeg\" alt=\"whatsapp-image-2016-11-14-at-15-54-29\" width=\"550\" height=\"330\"> <img loading=\"lazy\" decoding=\"async\" class=\"aligncenter size-full wp-image-7583\" src=\"http:\/\/www.atecordoba.org\/wp-content\/uploads\/2016\/11\/WhatsApp-Image-2016-11-14-at-15.54.26-1-e1479161002484.jpeg\" alt=\"whatsapp-image-2016-11-14-at-15-54-26-1\" width=\"550\" height=\"330\"><\/p>\n","protected":false},"excerpt":{"rendered":"<p>En el marco de la campa\u00f1a en reclamo por la reapertura de paritarias, ATE C\u00f3rdoba despleg\u00f3 una serie de pasacalles en distintos puntos de la ciudad para expresar el rechazo de los estatales al bono de fin de a\u00f1o.<\/p>\n","protected":false},"author":1,"featured_media":19220,"comment_status":"open","ping_status":"open","sticky":false,"template":"","format":"standard","meta":{"_exactmetrics_skip_tracking":false,"_exactmetrics_sitenote_active":false,"_exactmetrics_sitenote_note":"","_exactmetrics_sitenote_category":0,"jnews-multi-image_gallery":[],"jnews_single_post":[],"jnews_primary_category":[],"jnews_social_meta":[],"jnews_review":[],"enable_review":"","type":"","name":"","summary":"","brand":"","sku":"","good":[],"bad":[],"score_override":"","override_value":"","rating":[],"price":[],"jnews_override_counter":[],"jnews_post_split":[],"footnotes":""},"categories":[7,8],"tags":[],"class_list":["post-7578","post","type-post","status-publish","format-standard","has-post-thumbnail","hentry","category-hospitales","category-provinciales"],"jetpack_featured_media_url":"https:\/\/atecordoba.org\/wp-content\/uploads\/2020\/05\/logo-nuevochico-e1561581322808.png","_links":{"self":[{"href":"https:\/\/atecordoba.org\/index.php?rest_route=\/wp\/v2\/posts\/7578","targetHints":{"allow":["GET"]}}],"collection":[{"href":"https:\/\/atecordoba.org\/index.php?rest_route=\/wp\/v2\/posts"}],"about":[{"href":"https:\/\/atecordoba.org\/index.php?rest_route=\/wp\/v2\/types\/post"}],"author":[{"embeddable":true,"href":"https:\/\/atecordoba.org\/index.php?rest_route=\/wp\/v2\/users\/1"}],"replies":[{"embeddable":true,"href":"https:\/\/atecordoba.org\/index.php?rest_route=%2Fwp%2Fv2%2Fcomments&post=7578"}],"version-history":[{"count":0,"href":"https:\/\/atecordoba.org\/index.php?rest_route=\/wp\/v2\/posts\/7578\/revisions"}],"wp:featuredmedia":[{"embeddable":true,"href":"https:\/\/atecordoba.org\/index.php?rest_route=\/wp\/v2\/media\/19220"}],"wp:attachment":[{"href":"https:\/\/atecordoba.org\/index.php?rest_route=%2Fwp%2Fv2%2Fmedia&parent=7578"}],"wp:term":[{"taxonomy":"category","embeddable":true,"href":"https:\/\/atecordoba.org\/index.php?rest_route=%2Fwp%2Fv2%2Fcategories&post=7578"},{"taxonomy":"post_tag","embeddable":true,"href":"https:\/\/atecordoba.org\/index.php?rest_route=%2Fwp%2Fv2%2Ftags&post=7578"}],"curies":[{"name":"wp","href":"https:\/\/api.w.org\/{rel}","templated":true}]}}