{"id":7574,"date":"2016-11-14T17:28:11","date_gmt":"2016-11-14T20:28:11","guid":{"rendered":"http:\/\/www.atecordoba.org\/?p=7574"},"modified":"2016-11-14T17:28:11","modified_gmt":"2016-11-14T20:28:11","slug":"ate-amplia-su-representacion-con-fuerte-crecimiento-del-cuerpo-de-delegados-de-los-no-docentes-de-la-unc","status":"publish","type":"post","link":"https:\/\/atecordoba.org\/?p=7574","title":{"rendered":"ATE amplia su representaci\u00f3n con fuerte crecimiento del cuerpo de delegados de los no docentes de la UNC"},"content":{"rendered":"<p><em>Con elecciones en tres dependencias universitarias, que contaron con una amplia participaci\u00f3n de los trabajadores no docentes, ATE contin\u00faa incrementando el cuerpo de delegados en la universidad nacional.<\/em><\/p>\n<figure id=\"attachment_7575\" aria-describedby=\"caption-attachment-7575\" style=\"width: 550px\" class=\"wp-caption aligncenter\"><img loading=\"lazy\" decoding=\"async\" class=\"wp-image-7575 size-full\" src=\"http:\/\/www.atecordoba.org\/wp-content\/uploads\/2016\/11\/WhatsApp-Image-2016-10-24-at-15.38.53-e1479154566599.jpeg\" alt=\"whatsapp-image-2016-10-24-at-15-38-53\" width=\"550\" height=\"413\"><figcaption id=\"caption-attachment-7575\" class=\"wp-caption-text\">Los nuevos delegados de la Facultad de Lenguas Julieta Amaya y Gast\u00f3n Cruz Galvez<\/figcaption><\/figure>\n<p>Se trata de seis nuevos compa\u00f1eros que se suman a las numerosas dependencias que actualmente eligieron la representaci\u00f3n sindical de ATE.<\/p>\n<p>En primer t\u00e9rmino, los trabajadores de la Facultad de Lenguas eligieron el 13 de octubre como delegados a los compa\u00f1eros Gast\u00f3n Cruz G\u00e1lvez, que renueva su mandato, y Julieta Amaya Gugliucci.<\/p>\n<p>A su vez, en la Secretaria de Extensi\u00f3n el 26 de octubre los trabajadores eligieron a los delegados Miguel Genti y Carlos Victorel.<\/p>\n<p>En tanto, el pasado 11 del corriente fue la Facultad de Psicolog\u00eda quien eligi\u00f3 delegados con fuerte participaci\u00f3n de los trabajadores. En la oportunidad, resultaron electos los compa\u00f1eros Juan Pablo Vinet y Marta Faletto.<\/p>\n<p>En esa l\u00ednea, este jueves 17 de noviembre los trabajadores elegir\u00e1n dos delegados en la Orquesta Sinf\u00f3nica, el martes 22 los afiliados de la Biblioteca Mayor votar\u00e1n un delegado, mientras que el mi\u00e9rcoles 23 ser\u00e1 el turno de la Facultad de Ciencias Exactas, F\u00edsicas y Naturales, que elegir\u00e1n tres delegados.<\/p>\n<p><strong>Desaf\u00edos<\/strong><\/p>\n<p>Los flamantes delegados deber\u00e1n asumir el desaf\u00edo organizar a los compa\u00f1eros de cada sector para continuar el crecimiento de la organizaci\u00f3n sindical de los sectores de trabajo; la pelea por el pase a planta permanente de los numerosos precarizados; el reencuadramiento de los trabajadores mal convencionados, que est\u00e1n en un agrupamiento que no les corresponde o con categor\u00edas equivocadas, compa\u00f1eros que no cobran como profesionales, etc.<\/p>\n<p>Otro frente de trabajo es la lucha contra la violencia en el \u00e1mbito laboral, lamentablemente algunos funcionarios de la UNC aplican de manera habitual.<\/p>\n<p>As\u00ed se consolida a nuestro gremio en el \u00e1mbito universitario a pesar de la campa\u00f1a para desprestigiar y deslegitimar a ATE de parte de la conducci\u00f3n de la UNC y de los &nbsp;dirigentes gremiales funcionales a ella, con mentiras que pretenden confundir a los compa\u00f1eros sobre la legalidad de nuestra organizaci\u00f3n.<\/p>\n<p>\u201cSomos legales, eso no est\u00e1 en discusi\u00f3n. Pero lo que realmente nos importa es la legitimidad de ATE en la universidad, que nos da cada compa\u00f1ero que pide su ficha de afiliaci\u00f3n, que nos consulta para evacuar una inquietud o acude a nosotros para resolver un problema\u201d, describi\u00f3 el prosecretario Gremial del Consejo Directivo Provincial, Francisco Pavan.<\/p>\n","protected":false},"excerpt":{"rendered":"<p>Con elecciones en tres dependencias universitarias, que contaron con una amplia participaci\u00f3n de los trabajadores no docentes, ATE contin\u00faa incrementando el cuerpo de delegados en la universidad nacional. Se trata de seis nuevos compa\u00f1eros que se suman a las numerosas dependencias que actualmente eligieron la representaci\u00f3n sindical de ATE. En primer t\u00e9rmino, los trabajadores de [&hellip;]<\/p>\n","protected":false},"author":1,"featured_media":19220,"comment_status":"open","ping_status":"open","sticky":false,"template":"","format":"standard","meta":{"_exactmetrics_skip_tracking":false,"_exactmetrics_sitenote_active":false,"_exactmetrics_sitenote_note":"","_exactmetrics_sitenote_category":0,"jnews-multi-image_gallery":[],"jnews_single_post":[],"jnews_primary_category":[],"jnews_social_meta":[],"jnews_review":[],"enable_review":"","type":"","name":"","summary":"","brand":"","sku":"","good":[],"bad":[],"score_override":"","override_value":"","rating":[],"price":[],"jnews_override_counter":[],"jnews_post_split":[],"footnotes":""},"categories":[18,89],"tags":[],"class_list":["post-7574","post","type-post","status-publish","format-standard","has-post-thumbnail","hentry","category-nacionales","category-unc"],"jetpack_featured_media_url":"https:\/\/atecordoba.org\/wp-content\/uploads\/2020\/05\/logo-nuevochico-e1561581322808.png","_links":{"self":[{"href":"https:\/\/atecordoba.org\/index.php?rest_route=\/wp\/v2\/posts\/7574","targetHints":{"allow":["GET"]}}],"collection":[{"href":"https:\/\/atecordoba.org\/index.php?rest_route=\/wp\/v2\/posts"}],"about":[{"href":"https:\/\/atecordoba.org\/index.php?rest_route=\/wp\/v2\/types\/post"}],"author":[{"embeddable":true,"href":"https:\/\/atecordoba.org\/index.php?rest_route=\/wp\/v2\/users\/1"}],"replies":[{"embeddable":true,"href":"https:\/\/atecordoba.org\/index.php?rest_route=%2Fwp%2Fv2%2Fcomments&post=7574"}],"version-history":[{"count":0,"href":"https:\/\/atecordoba.org\/index.php?rest_route=\/wp\/v2\/posts\/7574\/revisions"}],"wp:featuredmedia":[{"embeddable":true,"href":"https:\/\/atecordoba.org\/index.php?rest_route=\/wp\/v2\/media\/19220"}],"wp:attachment":[{"href":"https:\/\/atecordoba.org\/index.php?rest_route=%2Fwp%2Fv2%2Fmedia&parent=7574"}],"wp:term":[{"taxonomy":"category","embeddable":true,"href":"https:\/\/atecordoba.org\/index.php?rest_route=%2Fwp%2Fv2%2Fcategories&post=7574"},{"taxonomy":"post_tag","embeddable":true,"href":"https:\/\/atecordoba.org\/index.php?rest_route=%2Fwp%2Fv2%2Ftags&post=7574"}],"curies":[{"name":"wp","href":"https:\/\/api.w.org\/{rel}","templated":true}]}}