{"id":7556,"date":"2016-11-10T18:30:01","date_gmt":"2016-11-10T21:30:01","guid":{"rendered":"http:\/\/www.atecordoba.org\/?p=7556"},"modified":"2016-11-10T18:30:01","modified_gmt":"2016-11-10T21:30:01","slug":"macri-la-pobreza-no-se-llora-se-combate-con-politicas-publicas","status":"publish","type":"post","link":"https:\/\/atecordoba.org\/?p=7556","title":{"rendered":"\u201cMacri, la pobreza no se llora, se combate con pol\u00edticas p\u00fablicas\u201d"},"content":{"rendered":"<p><em>El secretario General Hugo Godoy de la conducci\u00f3n nacional apunt\u00f3 al Presidente en el acto principal del paro nacional de ATE y la jornada de lucha de la CTA A en Plaza de Mayo.<\/em><\/p>\n<p><img loading=\"lazy\" decoding=\"async\" class=\"aligncenter size-full wp-image-7559\" src=\"http:\/\/www.atecordoba.org\/wp-content\/uploads\/2016\/11\/1-e1478812979483.jpg\" alt=\"1\" width=\"550\" height=\"367\"><\/p>\n<p style=\"font-style: inherit; font-weight: inherit;\"><span style=\"font-style: inherit; font-weight: inherit;\">Ning\u00fan otro sindicato le realiz\u00f3 al gobierno de Mauricio Macri tantos paros nacionales como ATE. El de hoy es el s\u00e9ptimo del a\u00f1o y tuvo como actividad principal un acto en Plaza de Mayo, con resonancia en las principales ciudades del pa\u00eds. Cont\u00f3 con la solidaridad de las organizaciones sociales CCC, Barrios de Pie, MAR, MAB, Salvador Herrera, UST y CTEP. Estuvieron presentes la Federaci\u00f3n de Aceiteros y los periodistas de SiPreBa. Fue acompa\u00f1ada de una jornada nacional de lucha de los sindicatos de base pertenecientes a la CTA Aut\u00f3noma. &nbsp;<\/span><\/p>\n<p style=\"font-style: inherit; font-weight: inherit;\"><span style=\"font-style: inherit; font-weight: inherit;\">\u201cEl otro d\u00eda ve\u00eda a Macri lloroso hablando de pobreza. Me record\u00f3 a las l\u00e1grimas de cocodrilo de Cavallo habl\u00e1ndole a los jubilados. Presidente Macri: la pobreza no se llora, se combate con pol\u00edticas p\u00fablicas de salarios dignos que no vemos. Usted gobierna para los ricos y las transnacionales\u201d, fustig\u00f3 desde el palco el Secretario General de ATE, Hugo Cachorro Godoy.<\/span><\/p>\n<p style=\"font-style: inherit; font-weight: inherit;\"><span style=\"font-style: inherit; font-weight: inherit;\">Minutos antes juntas internas porte\u00f1as y seccionales bonaerenses de ATE como La Matanza, Mor\u00f3n, Berazategui, Quilmes y Avellaneda, entre otras, part\u00edan desde la Avenida de Mayo y 9 de Julio. Se entremezclaban estatales activos con jubilados, profesionales de la Salud, personal legislativo, judiciales, docentes universitarios, visitadores m\u00e9dicos, gastron\u00f3micos, telef\u00f3nicos y choferes.<\/span><\/p>\n<p style=\"font-style: inherit; font-weight: inherit;\"><img loading=\"lazy\" decoding=\"async\" class=\"aligncenter size-full wp-image-7561\" src=\"http:\/\/www.atecordoba.org\/wp-content\/uploads\/2016\/11\/3-e1478813236395.jpg\" alt=\"3\" width=\"550\" height=\"341\"><\/p>\n<p style=\"font-style: inherit; font-weight: inherit;\"><span style=\"font-style: inherit; font-weight: inherit;\">\u201cEstamos ac\u00e1 por el fin de los despidos y la reincorporaci\u00f3n de trabajadores. Tambi\u00e9n por la reapertura de paritarias en el Estado nacional y los Estados provinciales y municipales. No aceptamos un escu\u00e1lido bono fijo no remunerativo. Queremos aumento salarial digno\u201d, continu\u00f3 el dirigente.<\/span><\/p>\n<p style=\"font-style: inherit; font-weight: inherit;\"><span style=\"font-style: inherit; font-weight: inherit;\">La multitud que resist\u00eda el sol de las 12 al lado del hist\u00f3rico Cabildo alzaba al un\u00edsono un solo grito de guerra: \u201cQueremo\u00b4 aumento la puta que los pari\u00f3\u201d. <\/span><\/p>\n<p style=\"font-style: inherit; font-weight: inherit;\"><span style=\"font-style: inherit; font-weight: inherit;\">Antes de finalizar su discurso, Godoy destac\u00f3 la diversidad de organizaciones convocadas: \u201cLa unidad no se construye con siglas, sino en la lucha contra el ajuste y en el armado de una propuesta que transforme la realidad. No se construye con el corte y pegue de siglas, sino en el debate democr\u00e1tico y fraterno\u201d.<\/span><\/p>\n<p style=\"font-style: inherit; font-weight: inherit;\"><span style=\"font-style: inherit; font-weight: inherit;\">Fue el turno luego de Ricardo Peidr\u00f3, Secretario Adjunto de la CTA Aut\u00f3noma, que valor\u00f3 la asistencia al acto de la mayor\u00eda del secretariado de la central. \u201cSabemos d\u00f3nde tenemos que estar. Sabemos adem\u00e1s d\u00f3nde est\u00e1 el enemigo. Seguiremos forjando la unidad en la pelea contra las pol\u00edticas que desde hace muchos a\u00f1os nos intentan imponer\u201d, dijo.<\/span><\/p>\n<p style=\"font-style: inherit; font-weight: inherit;\"><span style=\"font-style: inherit; font-weight: inherit;\">El dirigente asegur\u00f3 que la pol\u00edtica del poder sobre los trabajadores del sector privado a quienes aprietan con suspensiones y los estatales que sufren despidos intenta ser disciplinante. <\/span><\/p>\n<p style=\"font-style: inherit; font-weight: inherit;\"><span style=\"font-style: inherit; font-weight: inherit;\">Hizo uso de la palabra tambi\u00e9n el Secretario General de la ATE bonaerense, Oscar de Isasi, quien distingui\u00f3 el alto nivel de adhesi\u00f3n al paro como un respaldo de los estatales a la pol\u00edtica fijada por su conducci\u00f3n.<\/span><\/p>\n<p style=\"font-style: inherit; font-weight: inherit;\"><img loading=\"lazy\" decoding=\"async\" class=\"aligncenter size-full wp-image-7562\" src=\"http:\/\/www.atecordoba.org\/wp-content\/uploads\/2016\/11\/2-e1478813280640.jpg\" alt=\"2\" width=\"550\" height=\"337\"><\/p>\n<p style=\"font-style: inherit; font-weight: inherit;\"><span style=\"font-style: inherit; font-weight: inherit;\">Asimismo habl\u00f3 de la \u201csabia decisi\u00f3n\u201d de los docentes que, a pesar de estar en otra central, acompa\u00f1aron la medida de fuerza dot\u00e1ndola de un impulso \u201cimportant\u00edsimo\u201d.<\/span><\/p>\n<p style=\"font-style: inherit; font-weight: inherit;\"><span style=\"font-style: inherit; font-weight: inherit;\">\u201cSi el 15 de noviembre se reabre la paritaria como seguramente suceder\u00e1, no habr\u00e1 sido por convicci\u00f3n del gobierno de Vidal sino por la lucha que dimos los trabajadores. Un ejemplo claro de que en unidad podemos transformar la realidad\u201d, a\u00f1adi\u00f3.<\/span><\/p>\n<p style=\"font-style: inherit; font-weight: inherit;\"><span style=\"font-style: inherit; font-weight: inherit;\">A\u00fan as\u00ed, abog\u00f3 por la reapertura de las negociaciones salariales para los docentes, judiciales y profesionales de la salud.<\/span><\/p>\n<p style=\"font-style: inherit; font-weight: inherit;\"><span style=\"font-style: inherit; font-weight: inherit;\"><b><strong style=\"font-style: inherit;\">\u201cNo queremos ser colonia\u201d<\/strong><\/b><\/span><\/p>\n<p style=\"font-style: inherit; font-weight: inherit;\"><span style=\"font-style: inherit; font-weight: inherit;\">Claudia Baigorria, dirigente de los docentes universitarios de Conadu Hist\u00f3rica, explic\u00f3 que su gremio realiz\u00f3 hoy clases p\u00fablicas en todo el pa\u00eds por reapertura de paritarias, aplicaci\u00f3n del convenio colectivo de trabajo, pase a planta de cient\u00edficos y docentes del CBC de la UBA. <\/span><\/p>\n<p style=\"font-style: inherit; font-weight: inherit;\"><span style=\"font-style: inherit; font-weight: inherit;\">Denunci\u00f3 adem\u00e1s que el presupuesto educativo previsto para 2017 \u201ces nuevamente de ajuste\u201d. Esta vez, alcanza una reducci\u00f3n del 12%.<\/span><\/p>\n<p style=\"font-style: inherit; font-weight: inherit;\"><img loading=\"lazy\" decoding=\"async\" class=\"aligncenter size-full wp-image-7563\" src=\"http:\/\/www.atecordoba.org\/wp-content\/uploads\/2016\/11\/4-e1478813329352.jpg\" alt=\"4\" width=\"550\" height=\"367\"><\/p>\n<p style=\"font-style: inherit; font-weight: inherit;\"><span style=\"font-style: inherit; font-weight: inherit;\">\u201cQueremos ser actores y padres de una universidad constructora de conocimiento al servicio de la soberan\u00eda nacional. No queremos ser colonia\u201d, finaliz\u00f3.<\/span><\/p>\n<p style=\"font-style: inherit; font-weight: inherit;\"><span style=\"font-style: inherit; font-weight: inherit;\"><b><strong style=\"font-style: inherit;\">\u201cLa pobreza es superior al 50%\u201d<\/strong><\/b><\/span><\/p>\n<p style=\"font-style: inherit; font-weight: inherit;\"><span style=\"font-style: inherit; font-weight: inherit;\">La apreciaci\u00f3n fue de Mariano S\u00e1nchez de la CCC, que habl\u00f3 en nombre de las organizaciones sociales presentes. \u201cPara nosotros la pobreza no es del 32,5%, como dice el INDEC. Porque los jubilados, los trabajadores informales y otros pertenecientes al sector p\u00fablico y privado ganan salarios que, supuestamente, est\u00e1n por sobre el m\u00ednimo pero son de miseria\u201d, fustig\u00f3.<\/span><\/p>\n<p style=\"font-style: inherit; font-weight: inherit;\"><span style=\"font-style: inherit; font-weight: inherit;\">El dirigente social indic\u00f3 que las organizaciones que integra, como as\u00ed tambi\u00e9n Barrios de Pie y la CTEP, no fueron a acompa\u00f1ar una movilizaci\u00f3n sino a protagonizarla. \u201cNosotros tambi\u00e9n queremos paritarias. La inflaci\u00f3n asalt\u00f3 nuestros bolsillos\u201d, sentenci\u00f3.<\/span><\/p>\n<p style=\"font-style: inherit; font-weight: inherit;\"><span style=\"font-style: inherit; font-weight: inherit;\"><b><strong style=\"font-style: inherit;\">\u201cEl peor a\u00f1o de la democracia\u201d<\/strong><\/b><\/span><\/p>\n<p style=\"font-style: inherit; font-weight: inherit;\"><span style=\"font-style: inherit; font-weight: inherit;\">El Secretario General del SiPreBa, Tato Dondero, asegur\u00f3 que nunca hubo tantos periodistas despedidos desde 1983. Contabiliz\u00f3 mil en la ciudad de Buenos Aires y otros 1500 en el resto del pa\u00eds, en lo que va la era Macri.<\/span><\/p>\n<p style=\"font-style: inherit; font-weight: inherit;\"><span style=\"font-style: inherit; font-weight: inherit;\">\u201cEstamos orgullosos de dar este nuevo paso de unidad, que sabemos es dif\u00edcil pero constante, y que nos acercar\u00e1 sin duda a un futuro mejor\u201d, elogi\u00f3.<\/span><\/p>\n<p style=\"font-style: inherit; font-weight: inherit;\"><span style=\"font-style: inherit; font-weight: inherit;\"><b><strong style=\"font-style: inherit;\">Unidad obrero-estudiantil<\/strong><\/b><\/span><\/p>\n<p style=\"font-style: inherit; font-weight: inherit;\"><span style=\"font-style: inherit; font-weight: inherit;\">Edith Liquitay de la Federaci\u00f3n Universitaria Argentina alent\u00f3 acciones conjuntas entre la clase trabajadora y los estudiantes. <\/span><\/p>\n<p style=\"font-style: inherit; font-weight: inherit;\"><span style=\"font-style: inherit; font-weight: inherit;\">\u201cLuchamos por boleto estudiantil, pero tambi\u00e9n por aumento salarial para los docentes. Queremos adem\u00e1s mayor presupuesto educativo para el 2017\u201d, cerr\u00f3.<\/span><\/p>\n","protected":false},"excerpt":{"rendered":"<p>El secretario General Hugo Godoy de la conducci\u00f3n nacional apunt\u00f3 al Presidente en el acto principal del paro nacional de ATE y la jornada de lucha de la CTA A en Plaza de Mayo. Ning\u00fan otro sindicato le realiz\u00f3 al gobierno de Mauricio Macri tantos paros nacionales como ATE. El de hoy es el s\u00e9ptimo [&hellip;]<\/p>\n","protected":false},"author":1,"featured_media":19220,"comment_status":"open","ping_status":"open","sticky":false,"template":"","format":"standard","meta":{"_exactmetrics_skip_tracking":false,"_exactmetrics_sitenote_active":false,"_exactmetrics_sitenote_note":"","_exactmetrics_sitenote_category":0,"jnews-multi-image_gallery":[],"jnews_single_post":[],"jnews_primary_category":[],"jnews_social_meta":[],"jnews_review":[],"enable_review":"","type":"","name":"","summary":"","brand":"","sku":"","good":[],"bad":[],"score_override":"","override_value":"","rating":[],"price":[],"jnews_override_counter":[],"jnews_post_split":[],"footnotes":""},"categories":[21],"tags":[],"class_list":["post-7556","post","type-post","status-publish","format-standard","has-post-thumbnail","hentry","category-paro-nacional"],"jetpack_featured_media_url":"https:\/\/atecordoba.org\/wp-content\/uploads\/2020\/05\/logo-nuevochico-e1561581322808.png","_links":{"self":[{"href":"https:\/\/atecordoba.org\/index.php?rest_route=\/wp\/v2\/posts\/7556","targetHints":{"allow":["GET"]}}],"collection":[{"href":"https:\/\/atecordoba.org\/index.php?rest_route=\/wp\/v2\/posts"}],"about":[{"href":"https:\/\/atecordoba.org\/index.php?rest_route=\/wp\/v2\/types\/post"}],"author":[{"embeddable":true,"href":"https:\/\/atecordoba.org\/index.php?rest_route=\/wp\/v2\/users\/1"}],"replies":[{"embeddable":true,"href":"https:\/\/atecordoba.org\/index.php?rest_route=%2Fwp%2Fv2%2Fcomments&post=7556"}],"version-history":[{"count":0,"href":"https:\/\/atecordoba.org\/index.php?rest_route=\/wp\/v2\/posts\/7556\/revisions"}],"wp:featuredmedia":[{"embeddable":true,"href":"https:\/\/atecordoba.org\/index.php?rest_route=\/wp\/v2\/media\/19220"}],"wp:attachment":[{"href":"https:\/\/atecordoba.org\/index.php?rest_route=%2Fwp%2Fv2%2Fmedia&parent=7556"}],"wp:term":[{"taxonomy":"category","embeddable":true,"href":"https:\/\/atecordoba.org\/index.php?rest_route=%2Fwp%2Fv2%2Fcategories&post=7556"},{"taxonomy":"post_tag","embeddable":true,"href":"https:\/\/atecordoba.org\/index.php?rest_route=%2Fwp%2Fv2%2Ftags&post=7556"}],"curies":[{"name":"wp","href":"https:\/\/api.w.org\/{rel}","templated":true}]}}