{"id":7550,"date":"2016-11-10T18:05:30","date_gmt":"2016-11-10T21:05:30","guid":{"rendered":"http:\/\/www.atecordoba.org\/?p=7550"},"modified":"2016-11-10T18:05:30","modified_gmt":"2016-11-10T21:05:30","slug":"ate-llevo-a-las-calles-de-cordoba-el-reclamo-por-apertura-de-paritarias","status":"publish","type":"post","link":"https:\/\/atecordoba.org\/?p=7550","title":{"rendered":"ATE llev\u00f3 a las calles de C\u00f3rdoba el reclamo por apertura de paritarias"},"content":{"rendered":"<p><em>El Consejo Directivo Provincial (CDP) encabez\u00f3 hoy por la ma\u00f1ana una ruidosa movilizaci\u00f3n por el centro de C\u00f3rdoba en el marco del paro nacional convocado por nuestro gremio, en reclamo de reapertura de paritarias.<\/em><\/p>\n<p><img loading=\"lazy\" decoding=\"async\" class=\"aligncenter size-full wp-image-7551\" src=\"http:\/\/www.atecordoba.org\/wp-content\/uploads\/2016\/11\/WhatsApp-Image-2016-11-10-at-14.45.42-e1478810304760.jpeg\" alt=\"whatsapp-image-2016-11-10-at-14-45-42\" width=\"550\" height=\"330\"><\/p>\n<p>Los compa\u00f1eros realizaron abandono de tareas a las 9 horas y comenzaron a concentrarse en la sede de nuestro gremio en respuesta a la convocatoria de ATE. Estuvieron presentes estatales de la gran mayor\u00eda de las reparticiones nacionales con sede en la capital cordobesa, delegaciones de las seccionales R\u00edo Tercero y Villa Mar\u00eda, trabajadores de los hospitales provinciales y la administraci\u00f3n central, y municipales del interior de las localidades Unquillo, Quilino y San Carlos Minas.<\/p>\n<p>La gruesa columna se dirigi\u00f3 a las puertas de la delegaci\u00f3n local del Ministerio de Trabajo de la Naci\u00f3n, donde se realiz\u00f3 un acto.&nbsp;<\/p>\n<p><img loading=\"lazy\" decoding=\"async\" class=\"aligncenter size-full wp-image-7552\" src=\"http:\/\/www.atecordoba.org\/wp-content\/uploads\/2016\/11\/WhatsApp-Image-2016-11-10-at-15.15.30-e1478810373258.jpeg\" alt=\"whatsapp-image-2016-11-10-at-15-15-30\" width=\"412\" height=\"550\"><\/p>\n<p>En la oportunidad, la secretaria General del CDP, Mar\u00eda Liliana Salerno se\u00f1al\u00f3 que ATE est\u00e1 en la calle&nbsp;&#8220;reclamando lo que nos corresponde, lo que es nuestro&#8221; al referirse al reclamo por la reapertura de paritarias para compensar la p\u00e9rdida de poder adquisitivo de los salarios durante el 2016.<\/p>\n<p>En esa l\u00ednea, la dirigente afirm\u00f3 que &#8220;la inflaci\u00f3n supera el 43% en su conjunto, y en los alimentos los aumentos est\u00e1n en el orden del 60%. De forma que este a\u00f1o el salario fue ampliamente superado por la inflaci\u00f3n, los tarifazos y todo esto que nos vienen haciendo los gobiernos, que en la pr\u00e1ctica nos est\u00e1n dejando en la miseria. No va a pasar mucho tiempo para que estemos todos precarizados laboralmente y precarizados salarialmente tambi\u00e9n&#8221;.<\/p>\n<p><img loading=\"lazy\" decoding=\"async\" class=\"aligncenter size-full wp-image-7553\" src=\"http:\/\/www.atecordoba.org\/wp-content\/uploads\/2016\/11\/WhatsApp-Image-2016-11-10-at-14.56.25-e1478810566839.jpeg\" alt=\"whatsapp-image-2016-11-10-at-14-56-25\" width=\"550\" height=\"330\"><\/p>\n<p><strong>Otra reforma del Estado&nbsp;<\/strong><\/p>\n<p>Salerno asegur\u00f3 que&nbsp;&#8220;el gobierno nacional est\u00e1 preparando la tercera reforma del Estado que no es otra cosa que una nueva oleada de privatizaciones. Hoy vienen por la energ\u00eda, que est\u00e1 en riesgo en nuestro pa\u00eds. Dicen que es culpa del gobierno anterior pero hoy est\u00e1 gobernando otro partido que sigue subvencionando a las empresas que prestan los servicios como luz, gas, agua pero que no invierten y por eso estamos como estamos. Nos quej\u00e1bamos de los que se fueron pero los que est\u00e1n ahora hacen lo mismo o peor&#8221;.<\/p>\n<p><img loading=\"lazy\" decoding=\"async\" class=\"aligncenter size-full wp-image-7554\" src=\"http:\/\/www.atecordoba.org\/wp-content\/uploads\/2016\/11\/WhatsApp-Image-2016-11-10-at-15.15.30-1-e1478810655620.jpeg\" alt=\"whatsapp-image-2016-11-10-at-15-15-30-1\" width=\"550\" height=\"412\"><\/p>\n<p>Respecto a las condiciones de trabajo en el Estado nacional la secretaria General de ATE afirm\u00f3 que&nbsp;&#8220;el Ministerio de Modernizaci\u00f3n estuvo reunido con la conducci\u00f3n nacional de ATE tratando el ingreso de 3000 contratados en diversos organismos, que deben tener una antig\u00fcedad de 10 a\u00f1os. Pero, compa\u00f1eros, en el Estado tenemos 90 mil contratados y por eso quisi\u00e9ramos saber si piensan mantener precarizados toda esa masa de trabajadores adentro del Estado hasta el final de su mandato&#8221;.<\/p>\n<p><strong>Naci\u00f3n y provincia<\/strong><\/p>\n<p>Salerno analiz\u00f3 la relaci\u00f3n entre el gobierno nacional y el provincial en la actualidad, dadas las coincidencias entre ambas administraciones, que chocan con la visi\u00f3n de ATE sobre el rol del Estado. &#8220;El a\u00f1o que viene es clave para este gobierno por ser a\u00f1o electoral, por eso amagan con un bono y otras pavadas en vez de convocar a la reapertura de paritarias como corresponde. Adem\u00e1s, junto con el gobierno provincial est\u00e1n de acuerdo en llevarse puesta la educaci\u00f3n, la salud p\u00fablica, el sistema de obras sociales de los sindicatos que atiende a 16 millones de trabajadores. Para eso inventaron el CUS (Cobertura Universal de Salud).&nbsp;Esta provincia no lo duda y viene por lo mismo. ATE viene bregando siempre por la salud, la educaci\u00f3n y por sobre todas las cosas, por los puestos de trabajo. Por eso nos tiene muy preocupados la situaci\u00f3n de los compa\u00f1eros de Dioxitek, pedimos la reapertura de la planta&#8221;, afirm\u00f3.<\/p>\n<p><img loading=\"lazy\" decoding=\"async\" class=\"aligncenter size-full wp-image-7555\" src=\"http:\/\/www.atecordoba.org\/wp-content\/uploads\/2016\/11\/WhatsApp-Image-2016-11-10-at-14.56.22-e1478810750695.jpeg\" alt=\"whatsapp-image-2016-11-10-at-14-56-22\" width=\"550\" height=\"330\"><\/p>\n<p>La secretaria General finaliz\u00f3 explicando la campa\u00f1a nacional que nuestro gremio lleva adelante contra la firma de tratados internacionales de libre comercio.&nbsp;&#8220;Ya sabemos lo que son, por eso nos opusimos en su momento al ALCA y hoy nos oponemos a la firma de tratados con la Uni\u00f3n Europea y el Transpac\u00edfico: legalizan la intervenci\u00f3n de las transnacionales sobre los Estados.&nbsp;Por eso a nosotros no nos cambia que en las elecciones de Estados Unidos ganara uno u otro candidato, que son como siempre dos versiones de lo mismo.&nbsp;La pol\u00edtica internacional de ellos es siempre la misma: ellos mandando y nosotros acatando. Precisamente celebramos en nuestro pa\u00eds el d\u00eda de la soberan\u00eda el 20 de noviembre para recordar cuando resistimos el intento de las potencias extranjeras de imponernos el libre comercio a ca\u00f1onazos en la batalla de la Vuelta de Obligado. para ATE la defensa de la soberan\u00eda es fundamental en el marco de la representaci\u00f3n de los trabajadores&#8221;, concluy\u00f3.<\/p>\n<div class=\"epyt-video-wrapper\"><iframe loading=\"lazy\"  style=\"display: block; margin: 0px auto;\"  id=\"_ytid_72270\"  width=\"480\" height=\"270\"  data-origwidth=\"480\" data-origheight=\"270\" src=\"https:\/\/www.youtube.com\/embed\/LTYYhiZsVJ0?enablejsapi=1&#038;autoplay=0&#038;cc_load_policy=0&#038;cc_lang_pref=&#038;iv_load_policy=3&#038;loop=0&#038;rel=0&#038;fs=1&#038;playsinline=0&#038;autohide=2&#038;theme=dark&#038;color=red&#038;controls=1&#038;disablekb=0&#038;\" class=\"__youtube_prefs__  epyt-is-override  no-lazyload\" title=\"YouTube player\"  allow=\"fullscreen; accelerometer; autoplay; clipboard-write; encrypted-media; gyroscope; picture-in-picture; web-share\" referrerpolicy=\"strict-origin-when-cross-origin\" allowfullscreen data-no-lazy=\"1\" data-skipgform_ajax_framebjll=\"\"><\/iframe><\/div>\n<p>&nbsp;<\/p>\n<p>&nbsp;<\/p>\n","protected":false},"excerpt":{"rendered":"<p>El Consejo Directivo Provincial (CDP) encabez\u00f3 hoy por la ma\u00f1ana una ruidosa movilizaci\u00f3n por el centro de C\u00f3rdoba en el marco del paro nacional convocado por nuestro gremio, en reclamo de reapertura de paritarias. Los compa\u00f1eros realizaron abandono de tareas a las 9 horas y comenzaron a concentrarse en la sede de nuestro gremio en [&hellip;]<\/p>\n","protected":false},"author":1,"featured_media":19220,"comment_status":"open","ping_status":"open","sticky":false,"template":"","format":"standard","meta":{"_exactmetrics_skip_tracking":false,"_exactmetrics_sitenote_active":false,"_exactmetrics_sitenote_note":"","_exactmetrics_sitenote_category":0,"jnews-multi-image_gallery":[],"jnews_single_post":[],"jnews_primary_category":[],"jnews_social_meta":[],"jnews_review":[],"enable_review":"","type":"","name":"","summary":"","brand":"","sku":"","good":[],"bad":[],"score_override":"","override_value":"","rating":[],"price":[],"jnews_override_counter":[],"jnews_post_split":[],"footnotes":""},"categories":[21],"tags":[],"class_list":["post-7550","post","type-post","status-publish","format-standard","has-post-thumbnail","hentry","category-paro-nacional"],"jetpack_featured_media_url":"https:\/\/atecordoba.org\/wp-content\/uploads\/2020\/05\/logo-nuevochico-e1561581322808.png","_links":{"self":[{"href":"https:\/\/atecordoba.org\/index.php?rest_route=\/wp\/v2\/posts\/7550","targetHints":{"allow":["GET"]}}],"collection":[{"href":"https:\/\/atecordoba.org\/index.php?rest_route=\/wp\/v2\/posts"}],"about":[{"href":"https:\/\/atecordoba.org\/index.php?rest_route=\/wp\/v2\/types\/post"}],"author":[{"embeddable":true,"href":"https:\/\/atecordoba.org\/index.php?rest_route=\/wp\/v2\/users\/1"}],"replies":[{"embeddable":true,"href":"https:\/\/atecordoba.org\/index.php?rest_route=%2Fwp%2Fv2%2Fcomments&post=7550"}],"version-history":[{"count":0,"href":"https:\/\/atecordoba.org\/index.php?rest_route=\/wp\/v2\/posts\/7550\/revisions"}],"wp:featuredmedia":[{"embeddable":true,"href":"https:\/\/atecordoba.org\/index.php?rest_route=\/wp\/v2\/media\/19220"}],"wp:attachment":[{"href":"https:\/\/atecordoba.org\/index.php?rest_route=%2Fwp%2Fv2%2Fmedia&parent=7550"}],"wp:term":[{"taxonomy":"category","embeddable":true,"href":"https:\/\/atecordoba.org\/index.php?rest_route=%2Fwp%2Fv2%2Fcategories&post=7550"},{"taxonomy":"post_tag","embeddable":true,"href":"https:\/\/atecordoba.org\/index.php?rest_route=%2Fwp%2Fv2%2Ftags&post=7550"}],"curies":[{"name":"wp","href":"https:\/\/api.w.org\/{rel}","templated":true}]}}