{"id":7545,"date":"2016-11-09T19:24:38","date_gmt":"2016-11-09T22:24:38","guid":{"rendered":"http:\/\/www.atecordoba.org\/?p=7545"},"modified":"2016-11-09T19:24:38","modified_gmt":"2016-11-09T22:24:38","slug":"el-hospital-florencio-diaz-eligio-hoy-sus-delegados","status":"publish","type":"post","link":"https:\/\/atecordoba.org\/?p=7545","title":{"rendered":"El hospital Florencio D\u00edaz eligi\u00f3 hoy sus delegados"},"content":{"rendered":"<p><em>Con una importante participaci\u00f3n de trabajadores del sector se llev\u00f3 a cabo hoy la elecci\u00f3n de delegados del centro de salud provincial del sur de la ciudad.<\/em><\/p>\n<p><img loading=\"lazy\" decoding=\"async\" class=\"aligncenter size-full wp-image-7547\" src=\"http:\/\/www.atecordoba.org\/wp-content\/uploads\/2016\/11\/IMG-20161109-WA0020-e1478730239342.jpg\" alt=\"img-20161109-wa0020\" width=\"412\" height=\"550\"><\/p>\n<p>Como resultado de la masiva votaci\u00f3n resultaron elegidos los compa\u00f1eros&nbsp;N\u00e9stor Altamirano, Fernanda Choque y Esteban Mart\u00ednez para representar a los trabajadores del hospital por los siguientes dos a\u00f1os.&nbsp;<\/p>\n<p><img loading=\"lazy\" decoding=\"async\" class=\"aligncenter size-full wp-image-7546\" src=\"http:\/\/www.atecordoba.org\/wp-content\/uploads\/2016\/11\/WhatsApp-Image-2016-11-09-at-15.37.22-e1478730209944.jpeg\" alt=\"whatsapp-image-2016-11-09-at-15-37-22\" width=\"550\" height=\"309\"><\/p>\n<p>De esta forma, ATE contin\u00faa ampliando la representaci\u00f3n y legitimidad del cuerpo de delegados en el sector p\u00fablico provincial.<\/p>\n","protected":false},"excerpt":{"rendered":"<p>Con una importante participaci\u00f3n de trabajadores del sector se llev\u00f3 a cabo hoy la elecci\u00f3n de delegados del centro de salud provincial del sur de la ciudad. Como resultado de la masiva votaci\u00f3n resultaron elegidos los compa\u00f1eros&nbsp;N\u00e9stor Altamirano, Fernanda Choque y Esteban Mart\u00ednez para representar a los trabajadores del hospital por los siguientes dos a\u00f1os.&nbsp; [&hellip;]<\/p>\n","protected":false},"author":1,"featured_media":19220,"comment_status":"open","ping_status":"open","sticky":false,"template":"","format":"standard","meta":{"_exactmetrics_skip_tracking":false,"_exactmetrics_sitenote_active":false,"_exactmetrics_sitenote_note":"","_exactmetrics_sitenote_category":0,"jnews-multi-image_gallery":[],"jnews_single_post":[],"jnews_primary_category":[],"jnews_social_meta":[],"jnews_review":[],"enable_review":"","type":"","name":"","summary":"","brand":"","sku":"","good":[],"bad":[],"score_override":"","override_value":"","rating":[],"price":[],"jnews_override_counter":[],"jnews_post_split":[],"footnotes":""},"categories":[7,8],"tags":[],"class_list":["post-7545","post","type-post","status-publish","format-standard","has-post-thumbnail","hentry","category-hospitales","category-provinciales"],"jetpack_featured_media_url":"https:\/\/atecordoba.org\/wp-content\/uploads\/2020\/05\/logo-nuevochico-e1561581322808.png","_links":{"self":[{"href":"https:\/\/atecordoba.org\/index.php?rest_route=\/wp\/v2\/posts\/7545","targetHints":{"allow":["GET"]}}],"collection":[{"href":"https:\/\/atecordoba.org\/index.php?rest_route=\/wp\/v2\/posts"}],"about":[{"href":"https:\/\/atecordoba.org\/index.php?rest_route=\/wp\/v2\/types\/post"}],"author":[{"embeddable":true,"href":"https:\/\/atecordoba.org\/index.php?rest_route=\/wp\/v2\/users\/1"}],"replies":[{"embeddable":true,"href":"https:\/\/atecordoba.org\/index.php?rest_route=%2Fwp%2Fv2%2Fcomments&post=7545"}],"version-history":[{"count":0,"href":"https:\/\/atecordoba.org\/index.php?rest_route=\/wp\/v2\/posts\/7545\/revisions"}],"wp:featuredmedia":[{"embeddable":true,"href":"https:\/\/atecordoba.org\/index.php?rest_route=\/wp\/v2\/media\/19220"}],"wp:attachment":[{"href":"https:\/\/atecordoba.org\/index.php?rest_route=%2Fwp%2Fv2%2Fmedia&parent=7545"}],"wp:term":[{"taxonomy":"category","embeddable":true,"href":"https:\/\/atecordoba.org\/index.php?rest_route=%2Fwp%2Fv2%2Fcategories&post=7545"},{"taxonomy":"post_tag","embeddable":true,"href":"https:\/\/atecordoba.org\/index.php?rest_route=%2Fwp%2Fv2%2Ftags&post=7545"}],"curies":[{"name":"wp","href":"https:\/\/api.w.org\/{rel}","templated":true}]}}