{"id":754,"date":"2011-11-07T20:35:38","date_gmt":"2011-11-07T23:35:38","guid":{"rendered":"http:\/\/www.atecordoba.org\/?p=754"},"modified":"2011-11-07T20:35:38","modified_gmt":"2011-11-07T23:35:38","slug":"repudio-a-la-agresion-a-los-trabajadores-en-el-polo-sanitario","status":"publish","type":"post","link":"https:\/\/atecordoba.org\/?p=754","title":{"rendered":"Repudio a la agresi\u00f3n a los trabajadores en el Polo Sanitario"},"content":{"rendered":"<div>\n<div dir=\"ltr\">\n<p>(C\u00f3rdoba, 7-11-2011)<\/p>\n<\/div>\n<\/div>\n<div>\n<div dir=\"ltr\">\n<p>Tal como expres\u00f3 nuestra Secretaria General Mar\u00eda Teresa Romero hoy, ATE C\u00f3rdoba expresa su m\u00e1s en\u00e9rgico repudio a la agresi\u00f3n que la patota de violentos propin\u00f3 el viernes pasado a los trabajadores de la salud el viernes pasado.<\/p>\n<p>Entre los agredidos se encontr\u00f3 el delegado de ATE Santiago Beliz\u00e1n, quien sufri\u00f3 una serie de traumatismos de distinto tenor.<\/p>\n<p>Ante la evidencia que los trabajadores ganaron la calle desde hace casi dos meses en reclamos de las justas reivindicaciones del sector salud provincial, estos grupos violentos pretenden amedrentar futuras protestas y generar la sensaci\u00f3n p\u00fablica que se trata de \u2018una interna\u2019 entre trabajadores, cuando en realidad se trat\u00f3 de una provocaci\u00f3n a la que no estamos dispuestos a responde de la misma manera.<\/p>\n<p>Ser\u00e1n los compa\u00f1eros movilizados quienes demostrar\u00e1n a los violentos y a sus jefes que C\u00f3rdoba no admite esta clase de provocaciones.<\/p>\n<p>Mar\u00eda Teresa Romero Secretaria General ATE C\u00f3rdoba<\/p>\n<\/div>\n<\/div>\n","protected":false},"excerpt":{"rendered":"<p>(C\u00f3rdoba, 7-11-2011) Tal como expres\u00f3 nuestra Secretaria General Mar\u00eda Teresa Romero hoy, ATE C\u00f3rdoba expresa su m\u00e1s en\u00e9rgico repudio a la agresi\u00f3n que la patota de violentos propin\u00f3 el viernes pasado a los trabajadores de la salud el viernes pasado. Entre los agredidos se encontr\u00f3 el delegado de ATE Santiago Beliz\u00e1n, quien sufri\u00f3 una serie [&hellip;]<\/p>\n","protected":false},"author":1,"featured_media":19220,"comment_status":"open","ping_status":"open","sticky":false,"template":"","format":"standard","meta":{"_exactmetrics_skip_tracking":false,"_exactmetrics_sitenote_active":false,"_exactmetrics_sitenote_note":"","_exactmetrics_sitenote_category":0,"jnews-multi-image_gallery":[],"jnews_single_post":[],"jnews_primary_category":[],"jnews_social_meta":[],"jnews_review":[],"enable_review":"","type":"","name":"","summary":"","brand":"","sku":"","good":[],"bad":[],"score_override":"","override_value":"","rating":[],"price":[],"jnews_override_counter":[],"jnews_post_split":[],"footnotes":""},"categories":[53,20],"tags":[54,24,11],"class_list":["post-754","post","type-post","status-publish","format-standard","has-post-thumbnail","hentry","category-comunicados-de-prensa","category-municipales","tag-comunicados-de-prensa-2","tag-municipales-2","tag-noticias-2"],"jetpack_featured_media_url":"https:\/\/atecordoba.org\/wp-content\/uploads\/2020\/05\/logo-nuevochico-e1561581322808.png","_links":{"self":[{"href":"https:\/\/atecordoba.org\/index.php?rest_route=\/wp\/v2\/posts\/754","targetHints":{"allow":["GET"]}}],"collection":[{"href":"https:\/\/atecordoba.org\/index.php?rest_route=\/wp\/v2\/posts"}],"about":[{"href":"https:\/\/atecordoba.org\/index.php?rest_route=\/wp\/v2\/types\/post"}],"author":[{"embeddable":true,"href":"https:\/\/atecordoba.org\/index.php?rest_route=\/wp\/v2\/users\/1"}],"replies":[{"embeddable":true,"href":"https:\/\/atecordoba.org\/index.php?rest_route=%2Fwp%2Fv2%2Fcomments&post=754"}],"version-history":[{"count":0,"href":"https:\/\/atecordoba.org\/index.php?rest_route=\/wp\/v2\/posts\/754\/revisions"}],"wp:featuredmedia":[{"embeddable":true,"href":"https:\/\/atecordoba.org\/index.php?rest_route=\/wp\/v2\/media\/19220"}],"wp:attachment":[{"href":"https:\/\/atecordoba.org\/index.php?rest_route=%2Fwp%2Fv2%2Fmedia&parent=754"}],"wp:term":[{"taxonomy":"category","embeddable":true,"href":"https:\/\/atecordoba.org\/index.php?rest_route=%2Fwp%2Fv2%2Fcategories&post=754"},{"taxonomy":"post_tag","embeddable":true,"href":"https:\/\/atecordoba.org\/index.php?rest_route=%2Fwp%2Fv2%2Ftags&post=754"}],"curies":[{"name":"wp","href":"https:\/\/api.w.org\/{rel}","templated":true}]}}