{"id":7539,"date":"2016-11-09T19:09:04","date_gmt":"2016-11-09T22:09:04","guid":{"rendered":"http:\/\/www.atecordoba.org\/?p=7539"},"modified":"2016-11-09T19:09:04","modified_gmt":"2016-11-09T22:09:04","slug":"con-musica-en-la-calle-la-orquesta-sinfonica-de-la-unc-protesto-frente-al-pabellon-argentina","status":"publish","type":"post","link":"https:\/\/atecordoba.org\/?p=7539","title":{"rendered":"Con m\u00fasica en la calle, la orquesta sinf\u00f3nica de la UNC protest\u00f3 frente al Pabell\u00f3n Argentina"},"content":{"rendered":"<p><em>En un acto realizado ayer, los m\u00fasicos agrupados en ATE reclamaron su reconocimiento como trabajadores del Estado y el pase a planta permanente de la Casa de Estudios tras a\u00f1os de precarizaci\u00f3n. Para el martes pr\u00f3ximo est\u00e1 prevista una nueva protesta.<\/em><\/p>\n<p><img loading=\"lazy\" decoding=\"async\" class=\"aligncenter size-full wp-image-7541\" src=\"http:\/\/www.atecordoba.org\/wp-content\/uploads\/2016\/11\/20161108_183904-e1478729130513.jpg\" alt=\"20161108_183904\" width=\"550\" height=\"309\"><\/p>\n<p>Los 63 integrantes de la Orquesta Sinf\u00f3nica de la UNC se manifestaron a las 18 horas, cortado la avenida principal de la Ciudad Universitaria, frente al Pabell\u00f3n Argentina.<\/p>\n<p>La protesta concit\u00f3 la atenci\u00f3n de los transe\u00fantes que se acercaron a solidarizarse y escuchar la m\u00fasica con que los m\u00fasicos expresaron su reclamo. Los compa\u00f1eros reclaman el reconocimiento como trabajadores ya que desde hace a\u00f1os reciben una beca de extensi\u00f3n, que actualmente es de 3000 pesos.<\/p>\n<p>&#8220;La orquesta sinf\u00f3nica lleva adelante una tarea ininterrumpida desde 2005 y se ha consolidado como un espacio fundamental para la difusi\u00f3n de obras de estudiantes y compositores cordobeses, para el acompa\u00f1amiento de solistas de diferentes \u00e1mbitos y trayectorias y, especialmente, como un organismo que garantiza el derecho a la cultura de los habitantes de nuestra ciudad. Est\u00e1 integrada por sesenta y tres m\u00fasicos profesionales, que ingresan al organismo mediante un concurso p\u00fablico de antecedentes y oposici\u00f3n&#8221;, describi\u00f3 el prosecretario Gremial de ATE, Francisco Pav\u00e1n. &nbsp;<\/p>\n<p><img loading=\"lazy\" decoding=\"async\" class=\"aligncenter size-full wp-image-7542\" src=\"http:\/\/www.atecordoba.org\/wp-content\/uploads\/2016\/11\/20161108_183937-e1478729205806.jpg\" alt=\"20161108_183937\" width=\"550\" height=\"309\"><\/p>\n<p>Los m\u00fasicos sostienen con su esfuerzo la orquesta despu\u00e9s de 11 a\u00f1os de trabajo precarizado, con una retribuci\u00f3n humillante que no puede considerarse salario porque no conlleva aportes ni aguinaldo ni seguros para los instrumentos ni cobertura para insumos y mantenimiento de los mismos. Adem\u00e1s, los compa\u00f1eros denuncian el&nbsp;funcionamiento irregular de la obra social DASPU.<\/p>\n<p>La protesta fue una medida orientada a reclamar un espacio de di\u00e1logo de los m\u00fasicos con las autoridades universitarias para avanzar en un consenso que finalice con la precarizaci\u00f3n laboral que sufren.<\/p>\n<p><strong>Nueva protesta<\/strong><\/p>\n<p>Sin embargo, tras la movilizaci\u00f3n, los integrantes de la orquesta denunciaron amenazas de parte de autoridades de suspender la programaci\u00f3n&nbsp;prevista para la semana pr\u00f3xima en caso de llevar adelante medidas de fuerza.&nbsp;<\/p>\n<p><img loading=\"lazy\" decoding=\"async\" class=\"aligncenter size-full wp-image-7543\" src=\"http:\/\/www.atecordoba.org\/wp-content\/uploads\/2016\/11\/20161108_184143-e1478729317936.jpg\" alt=\"20161108_184143\" width=\"309\" height=\"550\"><\/p>\n<p>Como respuesta los compa\u00f1eros resolvieron que se movilizar\u00e1n nuevamente el martes pr\u00f3ximo, bajo la consigna &#8216;planta permanente y condiciones dignas de trabajo&#8217;.&nbsp;<\/p>\n<p>&nbsp;<\/p>\n","protected":false},"excerpt":{"rendered":"<p>En un acto realizado ayer, los m\u00fasicos agrupados en ATE reclamaron su reconocimiento como trabajadores del Estado y el pase a planta permanente de la Casa de Estudios tras a\u00f1os de precarizaci\u00f3n. Para el martes pr\u00f3ximo est\u00e1 prevista una nueva protesta. Los 63 integrantes de la Orquesta Sinf\u00f3nica de la UNC se manifestaron a las [&hellip;]<\/p>\n","protected":false},"author":1,"featured_media":19220,"comment_status":"open","ping_status":"open","sticky":false,"template":"","format":"standard","meta":{"_exactmetrics_skip_tracking":false,"_exactmetrics_sitenote_active":false,"_exactmetrics_sitenote_note":"","_exactmetrics_sitenote_category":0,"jnews-multi-image_gallery":[],"jnews_single_post":[],"jnews_primary_category":[],"jnews_social_meta":[],"jnews_review":[],"enable_review":"","type":"","name":"","summary":"","brand":"","sku":"","good":[],"bad":[],"score_override":"","override_value":"","rating":[],"price":[],"jnews_override_counter":[],"jnews_post_split":[],"footnotes":""},"categories":[89],"tags":[],"class_list":["post-7539","post","type-post","status-publish","format-standard","has-post-thumbnail","hentry","category-unc"],"jetpack_featured_media_url":"https:\/\/atecordoba.org\/wp-content\/uploads\/2020\/05\/logo-nuevochico-e1561581322808.png","_links":{"self":[{"href":"https:\/\/atecordoba.org\/index.php?rest_route=\/wp\/v2\/posts\/7539","targetHints":{"allow":["GET"]}}],"collection":[{"href":"https:\/\/atecordoba.org\/index.php?rest_route=\/wp\/v2\/posts"}],"about":[{"href":"https:\/\/atecordoba.org\/index.php?rest_route=\/wp\/v2\/types\/post"}],"author":[{"embeddable":true,"href":"https:\/\/atecordoba.org\/index.php?rest_route=\/wp\/v2\/users\/1"}],"replies":[{"embeddable":true,"href":"https:\/\/atecordoba.org\/index.php?rest_route=%2Fwp%2Fv2%2Fcomments&post=7539"}],"version-history":[{"count":0,"href":"https:\/\/atecordoba.org\/index.php?rest_route=\/wp\/v2\/posts\/7539\/revisions"}],"wp:featuredmedia":[{"embeddable":true,"href":"https:\/\/atecordoba.org\/index.php?rest_route=\/wp\/v2\/media\/19220"}],"wp:attachment":[{"href":"https:\/\/atecordoba.org\/index.php?rest_route=%2Fwp%2Fv2%2Fmedia&parent=7539"}],"wp:term":[{"taxonomy":"category","embeddable":true,"href":"https:\/\/atecordoba.org\/index.php?rest_route=%2Fwp%2Fv2%2Fcategories&post=7539"},{"taxonomy":"post_tag","embeddable":true,"href":"https:\/\/atecordoba.org\/index.php?rest_route=%2Fwp%2Fv2%2Ftags&post=7539"}],"curies":[{"name":"wp","href":"https:\/\/api.w.org\/{rel}","templated":true}]}}