{"id":7534,"date":"2016-11-08T17:17:01","date_gmt":"2016-11-08T20:17:01","guid":{"rendered":"http:\/\/www.atecordoba.org\/?p=7534"},"modified":"2016-11-08T17:17:01","modified_gmt":"2016-11-08T20:17:01","slug":"la-pelea-y-el-debate-nos-permitira-construir-la-verdadera-unidad","status":"publish","type":"post","link":"https:\/\/atecordoba.org\/?p=7534","title":{"rendered":"\u201cLa pelea y el debate nos permitir\u00e1 construir la verdadera unidad\u201d"},"content":{"rendered":"<p><em>Nuestro secretario General del Consejo Directivo Nacional, Hugo Godoy, expuso en el plenario de delegados de base de la Federaci\u00f3n de Aceiteros, junto con otros dirigentes sindicales.<\/em><\/p>\n<p><img loading=\"lazy\" decoding=\"async\" class=\"aligncenter size-full wp-image-7535\" src=\"http:\/\/www.atecordoba.org\/wp-content\/uploads\/2016\/11\/hugo-godoy-en-la-federacion-de-aceiteros-e1478636020189.jpg\" alt=\"hugo-godoy-en-la-federacion-de-aceiteros\" width=\"550\" height=\"367\"><\/p>\n<p><span style=\"font-style: inherit; font-weight: inherit;\">La semana pasada la combativa Federaci\u00f3n de Trabajadores del Complejo Industrial Oleaginoso, Desmotadores de Algod\u00f3n y Afines de la Rep\u00fablica Argentina realiz\u00f3 un plenario extraordinario que reuni\u00f3 a cerca de 200 delegados. <\/span><\/p>\n<p><span style=\"font-style: inherit; font-weight: inherit;\">Asimismo participaron otros cien pertenecientes a diversos sindicatos, entre ellos ATE, representado por trabajadores del INTI, Civiles de las Fuerzas Armadas, F\u00e1brica Militar de Villa Mar\u00eda, Astillero R\u00edo Santiago, auxiliares de Educaci\u00f3n y Rosario, encabezados por el dirigente nacional Leonardo V\u00e1zquez y miembros del departamento de Condiciones y Medio Ambiente del Trabajo.<\/span><\/p>\n<p><span style=\"font-style: inherit; font-weight: inherit;\">Los paneles abordaron aspectos formativos como el rol del delegado -que cont\u00f3 con la presencia de V\u00edctor de Gennaro-, los comit\u00e9s mixtos de seguridad e higiene, la tercerizaci\u00f3n y subcontrataci\u00f3n, y el ejercicio y defensa del derecho a huelga coordinado por Mat\u00edas Cremonte, presidente de la Asociaci\u00f3n de Abogados Laboralistas y director del Departamento Jur\u00eddico de ATE.<\/span><\/p>\n<p><span style=\"font-style: inherit; font-weight: inherit;\">Hugo Godoy, Secretario General de ATE, valor\u00f3 el encuentro como un espacio de protagonismo colectivo para entender el pasado, presente y futuro de la clase obrera. \u201cLa unidad de los trabajadores no es la de los dirigentes ni la expresada en un documento o conferencia de prensa\u201d, dijo en la mesa dedicada al an\u00e1lisis de la lucha sindical en nuestro pa\u00eds.<\/span><\/p>\n<p><img loading=\"lazy\" decoding=\"async\" class=\"aligncenter size-full wp-image-7536\" src=\"http:\/\/www.atecordoba.org\/wp-content\/uploads\/2016\/11\/plenario-federacion-de-aceiteros-e1478636186822.jpg\" alt=\"plenario-federacion-de-aceiteros\" width=\"550\" height=\"351\"><\/p>\n<p><span style=\"font-style: inherit; font-weight: inherit;\">A su lado estaban Daniel Yofra, Secretario General de la federaci\u00f3n aceitera; Juan Carlos Schmid, uno de los tres secretarios generales de la CGT; Jos\u00e9 Rigane, Secretario Adjunto de la CTA Aut\u00f3noma; y Domingo Moreyra, Secretario General de la Federaci\u00f3n de Obreros Ceramistas. <\/span><\/p>\n<p><span style=\"font-style: inherit; font-weight: inherit;\">El dirigente de ATE, adem\u00e1s, alent\u00f3 la consigna del gremio anfitri\u00f3n de \u201chuelga general ya\u201d, pero no s\u00f3lo a partir de la pelea contra las pol\u00edticas del sistema, sino para construir unidad de la clase trabajadora que caracteriz\u00f3 dividida y con una heterogeneidad en los niveles de empleo y salario. <\/span><\/p>\n<p><span style=\"font-style: inherit; font-weight: inherit;\">\u201cLa posibilidad de construir una respuesta unificada de los trabajadores no est\u00e1 solo en el rechazo a lo que no queremos, sino en el debate profundo, fraterno de lo que queremos construir. No seremos un pu\u00f1ado de dirigentes quienes construyamos esa alternativa\u201d, precis\u00f3.<\/span><\/p>\n<p><span style=\"font-style: inherit; font-weight: inherit;\">Godoy explic\u00f3 que la asunci\u00f3n de Macri implic\u00f3 el cierre del ciclo abierto en 2001 \u201ccon la conciencia de nuestro pueblo en que pod\u00eda voltear a un gobierno y cambiar las pol\u00edticas de Estado\u201d. Para el Secretario General de ATE, el poder recuper\u00f3 gobernabilidad.<\/span><\/p>\n<p><span style=\"font-style: inherit; font-weight: inherit;\">\u201cSi entendemos entonces que se abri\u00f3 una nueva etapa, no podemos repetir mec\u00e1nicamente las mismas respuestas. Tenemos que echar mano a nuevas herramientas, como la organizaci\u00f3n de todos los sectores que somos clase trabajadora. Tenemos que adoptar una estrategia de unidad y construir un proyecto pol\u00edtico. No hay que tenerle miedo a debatir c\u00f3mo organizamos a la sociedad, al pueblo, a la Naci\u00f3n\u201d, enfatiz\u00f3.&nbsp;<\/span><\/p>\n","protected":false},"excerpt":{"rendered":"<p>Nuestro secretario General del Consejo Directivo Nacional, Hugo Godoy, expuso en el plenario de delegados de base de la Federaci\u00f3n de Aceiteros, junto con otros dirigentes sindicales. La semana pasada la combativa Federaci\u00f3n de Trabajadores del Complejo Industrial Oleaginoso, Desmotadores de Algod\u00f3n y Afines de la Rep\u00fablica Argentina realiz\u00f3 un plenario extraordinario que reuni\u00f3 a [&hellip;]<\/p>\n","protected":false},"author":1,"featured_media":19220,"comment_status":"open","ping_status":"open","sticky":false,"template":"","format":"standard","meta":{"_exactmetrics_skip_tracking":false,"_exactmetrics_sitenote_active":false,"_exactmetrics_sitenote_note":"","_exactmetrics_sitenote_category":0,"jnews-multi-image_gallery":[],"jnews_single_post":[],"jnews_primary_category":[],"jnews_social_meta":[],"jnews_review":[],"enable_review":"","type":"","name":"","summary":"","brand":"","sku":"","good":[],"bad":[],"score_override":"","override_value":"","rating":[],"price":[],"jnews_override_counter":[],"jnews_post_split":[],"footnotes":""},"categories":[10],"tags":[],"class_list":["post-7534","post","type-post","status-publish","format-standard","has-post-thumbnail","hentry","category-accion-politica"],"jetpack_featured_media_url":"https:\/\/atecordoba.org\/wp-content\/uploads\/2020\/05\/logo-nuevochico-e1561581322808.png","_links":{"self":[{"href":"https:\/\/atecordoba.org\/index.php?rest_route=\/wp\/v2\/posts\/7534","targetHints":{"allow":["GET"]}}],"collection":[{"href":"https:\/\/atecordoba.org\/index.php?rest_route=\/wp\/v2\/posts"}],"about":[{"href":"https:\/\/atecordoba.org\/index.php?rest_route=\/wp\/v2\/types\/post"}],"author":[{"embeddable":true,"href":"https:\/\/atecordoba.org\/index.php?rest_route=\/wp\/v2\/users\/1"}],"replies":[{"embeddable":true,"href":"https:\/\/atecordoba.org\/index.php?rest_route=%2Fwp%2Fv2%2Fcomments&post=7534"}],"version-history":[{"count":0,"href":"https:\/\/atecordoba.org\/index.php?rest_route=\/wp\/v2\/posts\/7534\/revisions"}],"wp:featuredmedia":[{"embeddable":true,"href":"https:\/\/atecordoba.org\/index.php?rest_route=\/wp\/v2\/media\/19220"}],"wp:attachment":[{"href":"https:\/\/atecordoba.org\/index.php?rest_route=%2Fwp%2Fv2%2Fmedia&parent=7534"}],"wp:term":[{"taxonomy":"category","embeddable":true,"href":"https:\/\/atecordoba.org\/index.php?rest_route=%2Fwp%2Fv2%2Fcategories&post=7534"},{"taxonomy":"post_tag","embeddable":true,"href":"https:\/\/atecordoba.org\/index.php?rest_route=%2Fwp%2Fv2%2Ftags&post=7534"}],"curies":[{"name":"wp","href":"https:\/\/api.w.org\/{rel}","templated":true}]}}