{"id":7522,"date":"2016-11-07T18:34:33","date_gmt":"2016-11-07T21:34:33","guid":{"rendered":"http:\/\/www.atecordoba.org\/?p=7522"},"modified":"2016-11-07T18:34:33","modified_gmt":"2016-11-07T21:34:33","slug":"este-10-de-noviembre-todos-al-paro-nacional-de-ate","status":"publish","type":"post","link":"https:\/\/atecordoba.org\/?p=7522","title":{"rendered":"Este 10 de noviembre todos al paro nacional de ATE"},"content":{"rendered":"<p><em>En reclamo de reapertura de paritarias como tope en la agenda reivindicativa, ATE convoca a un paro nacional para el pr\u00f3ximo jueves 10 de noviembre.&nbsp;<\/em><\/p>\n<p><img loading=\"lazy\" decoding=\"async\" class=\"aligncenter size-full wp-image-7528\" src=\"http:\/\/www.atecordoba.org\/wp-content\/uploads\/2016\/11\/20160927_110923-e1478554221708.jpg\" alt=\"20160927_110923\" width=\"500\" height=\"281\"><\/p>\n<p>La medida de fuerza se llevar\u00e1 a cabo a partir de las 0 horas del jueves y es por 24 horas. &#8220;Estamos reclamando la reapertura de las paritarias en todos los niveles del Estado. ATE no va a aceptar que la p\u00e9rdida de poder adquisitivo del salario porque as\u00ed lo disponga el gobierno. En C\u00f3rdoba particularmente vemos una pol\u00edtica acordada entre la Naci\u00f3n y la Provincia que nos est\u00e1 golpeando fuertemente a los trabajadores del Estado&#8221;, explic\u00f3 la secretaria General del Consejo Directivo Provincial, Mar\u00eda Liliana Salerno.&nbsp;<img loading=\"lazy\" decoding=\"async\" class=\"size-full wp-image-7524 alignright\" src=\"http:\/\/www.atecordoba.org\/wp-content\/uploads\/2016\/11\/paro-nacional-jueves-10-afiche_version-chica.png\" alt=\"paro-nacional-jueves-10-afiche_version-chica\" width=\"353\" height=\"500\"><\/p>\n<p>En ese sentido, ATE rechaz\u00f3 la posibilidad de un bono de fin de a\u00f1o porque &#8220;lo prioritario es discutir como recomponemos el salario y&nbsp;darle la firma a un gobierno que resuelve lo que le parece de manera inconclusa y sin tener en cuenta cu\u00e1les son las necesidades de los trabajadores&#8221;, se\u00f1al\u00f3 la dirigente.&nbsp;<\/p>\n<p>Otro de los reclamos de ATE es el pase a planta permanente de los contratados, punto central entre los trabajadores del Estado Nacional porque son 90 contratos precarios que se vencen en este \u00faltimo trimestre del 2016.&nbsp;<\/p>\n<p>Entre otros reclamos, nuestra organizaci\u00f3n tambi\u00e9n suma la situaci\u00f3n de los compa\u00f1eros jubilados, para el pago efectivo del 82% m\u00f3vil y contra el proceso de armonizaci\u00f3n, y de p\u00e9rdida de derechos previsionales, de la Caja de Jubilaciones de C\u00f3rdoba.<\/p>\n<p>&#8220;Este paro lo resolvimos en el confederal de octubre pasado y es el resultado de toda una serie de acciones y medidas de fuerza que hemos llevado adelante durante todo el a\u00f1o, medidas que lograron revertir algunas decisiones del gobierno, como reincorporar a compa\u00f1eros que hab\u00edan sido despedidos. Estamos terminando el a\u00f1o con iniciativa pol\u00edtica y demostrando que ATE est\u00e1 donde el trabajador la necesita a pesar de las dificultades. Por eso en C\u00f3rdoba convocamos a todos los compa\u00f1eros de los distintos sectores a expresar el rechazo a un modelo de gobierno que no nos representa ni contiene nuestros reclamos, tanto a nivel nacional como provincial&#8221;, concluy\u00f3 Salerno.&nbsp;<\/p>\n<p><img loading=\"lazy\" decoding=\"async\" class=\"aligncenter size-full wp-image-7529\" src=\"http:\/\/www.atecordoba.org\/wp-content\/uploads\/2016\/11\/DSC_0244-e1478554425250.jpg\" alt=\"dsc_0244\" width=\"550\" height=\"309\"><\/p>\n<p>La modalidad del paro es con abandono de tareas a las 9 horas y concentraci\u00f3n en ATE a las 10 hs, para posteriormente realizar la movilizaci\u00f3n.<\/p>\n","protected":false},"excerpt":{"rendered":"<p>En reclamo de reapertura de paritarias como tope en la agenda reivindicativa, ATE convoca a un paro nacional para el pr\u00f3ximo jueves 10 de noviembre.&nbsp; La medida de fuerza se llevar\u00e1 a cabo a partir de las 0 horas del jueves y es por 24 horas. &#8220;Estamos reclamando la reapertura de las paritarias en todos [&hellip;]<\/p>\n","protected":false},"author":1,"featured_media":19220,"comment_status":"open","ping_status":"open","sticky":false,"template":"","format":"standard","meta":{"_exactmetrics_skip_tracking":false,"_exactmetrics_sitenote_active":false,"_exactmetrics_sitenote_note":"","_exactmetrics_sitenote_category":0,"jnews-multi-image_gallery":[],"jnews_single_post":[],"jnews_primary_category":[],"jnews_social_meta":[],"jnews_review":[],"enable_review":"","type":"","name":"","summary":"","brand":"","sku":"","good":[],"bad":[],"score_override":"","override_value":"","rating":[],"price":[],"jnews_override_counter":[],"jnews_post_split":[],"footnotes":""},"categories":[21],"tags":[],"class_list":["post-7522","post","type-post","status-publish","format-standard","has-post-thumbnail","hentry","category-paro-nacional"],"jetpack_featured_media_url":"https:\/\/atecordoba.org\/wp-content\/uploads\/2020\/05\/logo-nuevochico-e1561581322808.png","_links":{"self":[{"href":"https:\/\/atecordoba.org\/index.php?rest_route=\/wp\/v2\/posts\/7522","targetHints":{"allow":["GET"]}}],"collection":[{"href":"https:\/\/atecordoba.org\/index.php?rest_route=\/wp\/v2\/posts"}],"about":[{"href":"https:\/\/atecordoba.org\/index.php?rest_route=\/wp\/v2\/types\/post"}],"author":[{"embeddable":true,"href":"https:\/\/atecordoba.org\/index.php?rest_route=\/wp\/v2\/users\/1"}],"replies":[{"embeddable":true,"href":"https:\/\/atecordoba.org\/index.php?rest_route=%2Fwp%2Fv2%2Fcomments&post=7522"}],"version-history":[{"count":0,"href":"https:\/\/atecordoba.org\/index.php?rest_route=\/wp\/v2\/posts\/7522\/revisions"}],"wp:featuredmedia":[{"embeddable":true,"href":"https:\/\/atecordoba.org\/index.php?rest_route=\/wp\/v2\/media\/19220"}],"wp:attachment":[{"href":"https:\/\/atecordoba.org\/index.php?rest_route=%2Fwp%2Fv2%2Fmedia&parent=7522"}],"wp:term":[{"taxonomy":"category","embeddable":true,"href":"https:\/\/atecordoba.org\/index.php?rest_route=%2Fwp%2Fv2%2Fcategories&post=7522"},{"taxonomy":"post_tag","embeddable":true,"href":"https:\/\/atecordoba.org\/index.php?rest_route=%2Fwp%2Fv2%2Ftags&post=7522"}],"curies":[{"name":"wp","href":"https:\/\/api.w.org\/{rel}","templated":true}]}}