{"id":7516,"date":"2016-11-04T18:14:37","date_gmt":"2016-11-04T21:14:37","guid":{"rendered":"http:\/\/www.atecordoba.org\/?p=7516"},"modified":"2016-11-04T18:14:37","modified_gmt":"2016-11-04T21:14:37","slug":"la-seccional-villa-maria-se-movilizo-al-anses","status":"publish","type":"post","link":"https:\/\/atecordoba.org\/?p=7516","title":{"rendered":"La seccional Villa Mar\u00eda se moviliz\u00f3 al Anses"},"content":{"rendered":"<p><em>Fue en reclamo de efectivizar las jubilaciones de dos compa\u00f1eros que no cobran hace meses sus sueldos a causa de una traba administrativa en el organismo provisional.<\/em><\/p>\n<p><img loading=\"lazy\" decoding=\"async\" class=\"aligncenter size-full wp-image-7518\" src=\"http:\/\/www.atecordoba.org\/wp-content\/uploads\/2016\/11\/frente-anses-2-e1478293966297.jpg\" alt=\"frente-anses-2\" width=\"550\" height=\"309\"><\/p>\n<p>Encabezada por el secretario General de la seccional Villa Mar\u00eda de ATE, Fernando Mercado, la columna de trabajadores de F\u00e1brica Militar &nbsp;se moviliz\u00f3 a la ANSES para reclamar ante las autoridades de la UDAI por los inconvenientes que vienen sufriendo compa\u00f1eros que realizan los tr\u00e1mites para acceder a su jubilaci\u00f3n.<\/p>\n<p><img loading=\"lazy\" decoding=\"async\" class=\"aligncenter size-full wp-image-7519\" src=\"http:\/\/www.atecordoba.org\/wp-content\/uploads\/2016\/11\/mercado-frente-a-anses-e1478293996480.jpg\" alt=\"mercado-frente-a-anses\" width=\"550\" height=\"309\"><\/p>\n<p>En la oportunidad y con la presencia del titular de la delegaci\u00f3n local, Gustavo Lazzuri, se le hizo entrega de una comunicaci\u00f3n&nbsp;formal donde ATE solicit\u00f3 con car\u00e1cter de urgencia la soluci\u00f3n de dichos inconvenientes.<\/p>\n<p><img loading=\"lazy\" decoding=\"async\" class=\"aligncenter size-full wp-image-7520\" src=\"http:\/\/www.atecordoba.org\/wp-content\/uploads\/2016\/11\/frente-anses-e1478294034855.jpg\" alt=\"frente-anses\" width=\"550\" height=\"309\"><\/p>\n<p>Como informara la seccional &nbsp;d\u00edas atr\u00e1s, hay compa\u00f1eros que no perciben ni el haber jubilatorio y ni el sueldo de f\u00e1brica desde hace 7 meses. Mientras que existen otros casos donde la demora del tr\u00e1mite ya lleva m\u00e1s de un a\u00f1o.&nbsp;<\/p>\n","protected":false},"excerpt":{"rendered":"<p>Fue en reclamo de efectivizar las jubilaciones de dos compa\u00f1eros que no cobran hace meses sus sueldos a causa de una traba administrativa en el organismo provisional. Encabezada por el secretario General de la seccional Villa Mar\u00eda de ATE, Fernando Mercado, la columna de trabajadores de F\u00e1brica Militar &nbsp;se moviliz\u00f3 a la ANSES para reclamar [&hellip;]<\/p>\n","protected":false},"author":1,"featured_media":19220,"comment_status":"open","ping_status":"open","sticky":false,"template":"","format":"standard","meta":{"_exactmetrics_skip_tracking":false,"_exactmetrics_sitenote_active":false,"_exactmetrics_sitenote_note":"","_exactmetrics_sitenote_category":0,"jnews-multi-image_gallery":[],"jnews_single_post":[],"jnews_primary_category":[],"jnews_social_meta":[],"jnews_review":[],"enable_review":"","type":"","name":"","summary":"","brand":"","sku":"","good":[],"bad":[],"score_override":"","override_value":"","rating":[],"price":[],"jnews_override_counter":[],"jnews_post_split":[],"footnotes":""},"categories":[17,18,14],"tags":[],"class_list":["post-7516","post","type-post","status-publish","format-standard","has-post-thumbnail","hentry","category-fabricaciones-militares","category-nacionales","category-villa-maria"],"jetpack_featured_media_url":"https:\/\/atecordoba.org\/wp-content\/uploads\/2020\/05\/logo-nuevochico-e1561581322808.png","_links":{"self":[{"href":"https:\/\/atecordoba.org\/index.php?rest_route=\/wp\/v2\/posts\/7516","targetHints":{"allow":["GET"]}}],"collection":[{"href":"https:\/\/atecordoba.org\/index.php?rest_route=\/wp\/v2\/posts"}],"about":[{"href":"https:\/\/atecordoba.org\/index.php?rest_route=\/wp\/v2\/types\/post"}],"author":[{"embeddable":true,"href":"https:\/\/atecordoba.org\/index.php?rest_route=\/wp\/v2\/users\/1"}],"replies":[{"embeddable":true,"href":"https:\/\/atecordoba.org\/index.php?rest_route=%2Fwp%2Fv2%2Fcomments&post=7516"}],"version-history":[{"count":0,"href":"https:\/\/atecordoba.org\/index.php?rest_route=\/wp\/v2\/posts\/7516\/revisions"}],"wp:featuredmedia":[{"embeddable":true,"href":"https:\/\/atecordoba.org\/index.php?rest_route=\/wp\/v2\/media\/19220"}],"wp:attachment":[{"href":"https:\/\/atecordoba.org\/index.php?rest_route=%2Fwp%2Fv2%2Fmedia&parent=7516"}],"wp:term":[{"taxonomy":"category","embeddable":true,"href":"https:\/\/atecordoba.org\/index.php?rest_route=%2Fwp%2Fv2%2Fcategories&post=7516"},{"taxonomy":"post_tag","embeddable":true,"href":"https:\/\/atecordoba.org\/index.php?rest_route=%2Fwp%2Fv2%2Ftags&post=7516"}],"curies":[{"name":"wp","href":"https:\/\/api.w.org\/{rel}","templated":true}]}}