{"id":7512,"date":"2016-11-04T17:40:52","date_gmt":"2016-11-04T20:40:52","guid":{"rendered":"http:\/\/www.atecordoba.org\/?p=7512"},"modified":"2016-11-04T17:40:52","modified_gmt":"2016-11-04T20:40:52","slug":"ate-cordoba-lanzo-en-la-campana-de-la-clate-contra-el-ttp","status":"publish","type":"post","link":"https:\/\/atecordoba.org\/?p=7512","title":{"rendered":"ATE C\u00f3rdoba lanz\u00f3 en la campa\u00f1a de la Clate contra el TTP"},"content":{"rendered":"<p><em>Con la presencia de activistas, militantes y miembros de la Comisi\u00f3n Directiva, ATE lanz\u00f3 hoy en la plaza San Mart\u00edn la campa\u00f1a de la Confederaci\u00f3n Latinoamericana de Trabajadores Estatales contra el tratado de libre comercio transpac\u00edfico.&nbsp;<\/em><\/p>\n<p><img loading=\"lazy\" decoding=\"async\" class=\"aligncenter size-full wp-image-7513\" src=\"http:\/\/www.atecordoba.org\/wp-content\/uploads\/2016\/11\/WhatsApp-Image-2016-11-04-at-15.15.36-e1478291984655.jpeg\" alt=\"whatsapp-image-2016-11-04-at-15-15-36\" width=\"550\" height=\"330\"><\/p>\n<p>La actividad forma parte de la campa\u00f1a nacional que ATE resolvi\u00f3 en el \u00faltimo&nbsp;<a href=\"http:\/\/www.atecordoba.org\/archivos\/7501\">congreso confederal<\/a>&nbsp;de fines de octubre pasado. Se trata de una volanteada de difusi\u00f3n&nbsp;para comenzar a informar a la comunidad sobre el TTP, al que el gobierno de Macri estudia adherir.&nbsp;<\/p>\n<p><img loading=\"lazy\" decoding=\"async\" class=\"aligncenter size-full wp-image-7514\" src=\"http:\/\/www.atecordoba.org\/wp-content\/uploads\/2016\/11\/WhatsApp-Image-2016-11-04-at-12.36.35-e1478292015477.jpeg\" alt=\"whatsapp-image-2016-11-04-at-12-36-35\" width=\"550\" height=\"331\"><\/p>\n<p>En la oportunidad estuvieron presentes compa\u00f1eros del sector salud y de los trabajadores civiles de las FF.AA. junto a los integrantes de la CD como el secretario de Interior, Alejandro Murua, el secretario de Prensa, Daniel Pawluchuzk, la secretaria de Acci\u00f3n Social, Miriam Martino, y el secretario de Acci\u00f3n Social, Victor Lecuona.&nbsp;<\/p>\n","protected":false},"excerpt":{"rendered":"<p>Con la presencia de activistas, militantes y miembros de la Comisi\u00f3n Directiva, ATE lanz\u00f3 hoy en la plaza San Mart\u00edn la campa\u00f1a de la Confederaci\u00f3n Latinoamericana de Trabajadores Estatales contra el tratado de libre comercio transpac\u00edfico.&nbsp; La actividad forma parte de la campa\u00f1a nacional que ATE resolvi\u00f3 en el \u00faltimo&nbsp;congreso confederal&nbsp;de fines de octubre pasado. [&hellip;]<\/p>\n","protected":false},"author":1,"featured_media":19220,"comment_status":"open","ping_status":"open","sticky":false,"template":"","format":"standard","meta":{"_exactmetrics_skip_tracking":false,"_exactmetrics_sitenote_active":false,"_exactmetrics_sitenote_note":"","_exactmetrics_sitenote_category":0,"jnews-multi-image_gallery":[],"jnews_single_post":[],"jnews_primary_category":[],"jnews_social_meta":[],"jnews_review":[],"enable_review":"","type":"","name":"","summary":"","brand":"","sku":"","good":[],"bad":[],"score_override":"","override_value":"","rating":[],"price":[],"jnews_override_counter":[],"jnews_post_split":[],"footnotes":""},"categories":[10],"tags":[],"class_list":["post-7512","post","type-post","status-publish","format-standard","has-post-thumbnail","hentry","category-accion-politica"],"jetpack_featured_media_url":"https:\/\/atecordoba.org\/wp-content\/uploads\/2020\/05\/logo-nuevochico-e1561581322808.png","_links":{"self":[{"href":"https:\/\/atecordoba.org\/index.php?rest_route=\/wp\/v2\/posts\/7512","targetHints":{"allow":["GET"]}}],"collection":[{"href":"https:\/\/atecordoba.org\/index.php?rest_route=\/wp\/v2\/posts"}],"about":[{"href":"https:\/\/atecordoba.org\/index.php?rest_route=\/wp\/v2\/types\/post"}],"author":[{"embeddable":true,"href":"https:\/\/atecordoba.org\/index.php?rest_route=\/wp\/v2\/users\/1"}],"replies":[{"embeddable":true,"href":"https:\/\/atecordoba.org\/index.php?rest_route=%2Fwp%2Fv2%2Fcomments&post=7512"}],"version-history":[{"count":0,"href":"https:\/\/atecordoba.org\/index.php?rest_route=\/wp\/v2\/posts\/7512\/revisions"}],"wp:featuredmedia":[{"embeddable":true,"href":"https:\/\/atecordoba.org\/index.php?rest_route=\/wp\/v2\/media\/19220"}],"wp:attachment":[{"href":"https:\/\/atecordoba.org\/index.php?rest_route=%2Fwp%2Fv2%2Fmedia&parent=7512"}],"wp:term":[{"taxonomy":"category","embeddable":true,"href":"https:\/\/atecordoba.org\/index.php?rest_route=%2Fwp%2Fv2%2Fcategories&post=7512"},{"taxonomy":"post_tag","embeddable":true,"href":"https:\/\/atecordoba.org\/index.php?rest_route=%2Fwp%2Fv2%2Ftags&post=7512"}],"curies":[{"name":"wp","href":"https:\/\/api.w.org\/{rel}","templated":true}]}}