{"id":7507,"date":"2016-11-03T18:45:14","date_gmt":"2016-11-03T21:45:14","guid":{"rendered":"http:\/\/www.atecordoba.org\/?p=7507"},"modified":"2016-11-03T18:45:14","modified_gmt":"2016-11-03T21:45:14","slug":"la-orquesta-sinfonica-de-la-unc-en-estado-de-alerta-y-movilizacion","status":"publish","type":"post","link":"https:\/\/atecordoba.org\/?p=7507","title":{"rendered":"La Orquesta Sinf\u00f3nica de la UNC en estado de alerta y movilizaci\u00f3n"},"content":{"rendered":"<p><em>En una asamblea realizada el martes pasado con la presencia del secretario Progremial de ATE y del referente del \u00e1rea de Cultura del Consejo Nacional de ATE, Walter Oliverio, se definieron medidas de protesta para la semana que viene, con un acto p\u00fablico, para reclamar una vez m\u00e1s la mejora real en sus condiciones de trabajo, que vienen solicitando desde hace a\u00f1os.<\/em><\/p>\n<p><img loading=\"lazy\" decoding=\"async\" class=\"aligncenter size-full wp-image-7460\" src=\"http:\/\/www.atecordoba.org\/wp-content\/uploads\/2016\/10\/IMG-20160920-WA0010.jpg\" alt=\"img-20160920-wa0010\" width=\"512\" height=\"288\"><\/p>\n<p>En la oportunidad, analizaron la situaci\u00f3n que afrontan como la falta de estabilidad laboral, &nbsp;ya que todos reciben becas de extensi\u00f3n \u2013algunos con 10 a\u00f1os de antig\u00fcedad\u2013, que configura un cuadro de grave precarizaci\u00f3n laboral para todos estos trabajadores de la cultura. En la pr\u00e1ctica se trata una orquesta estable que no tiene el reconocimiento de la Universidad como tal.<\/p>\n<p><img loading=\"lazy\" decoding=\"async\" class=\"aligncenter size-full wp-image-7461\" src=\"http:\/\/www.atecordoba.org\/wp-content\/uploads\/2016\/10\/IMG_20160920_195823526.jpg\" alt=\"img_20160920_195823526\" width=\"512\" height=\"288\"><\/p>\n<p>Los compa\u00f1eros son trabajadores estatales que garantizan las pol\u00edticas culturales p\u00fablicas de la UNC, lo que constituye un rol fundamental para cumplir con el acceso a la cultura de la comunidad que debe realizar el Estado a trav\u00e9s de sus diversas \u00e1reas, y que por lo tanto tienen derecho a la planta permanente como cualquier estatal seg\u00fan la normativa vigente.<\/p>\n<p>&nbsp;<\/p>\n<p>&nbsp;<\/p>\n","protected":false},"excerpt":{"rendered":"<p>En una asamblea realizada el martes pasado con la presencia del secretario Progremial de ATE y del referente del \u00e1rea de Cultura del Consejo Nacional de ATE, Walter Oliverio, se definieron medidas de protesta para la semana que viene, con un acto p\u00fablico, para reclamar una vez m\u00e1s la mejora real en sus condiciones de [&hellip;]<\/p>\n","protected":false},"author":1,"featured_media":19220,"comment_status":"open","ping_status":"open","sticky":false,"template":"","format":"standard","meta":{"_exactmetrics_skip_tracking":false,"_exactmetrics_sitenote_active":false,"_exactmetrics_sitenote_note":"","_exactmetrics_sitenote_category":0,"jnews-multi-image_gallery":[],"jnews_single_post":[],"jnews_primary_category":[],"jnews_social_meta":[],"jnews_review":[],"enable_review":"","type":"","name":"","summary":"","brand":"","sku":"","good":[],"bad":[],"score_override":"","override_value":"","rating":[],"price":[],"jnews_override_counter":[],"jnews_post_split":[],"footnotes":""},"categories":[18,89],"tags":[],"class_list":["post-7507","post","type-post","status-publish","format-standard","has-post-thumbnail","hentry","category-nacionales","category-unc"],"jetpack_featured_media_url":"https:\/\/atecordoba.org\/wp-content\/uploads\/2020\/05\/logo-nuevochico-e1561581322808.png","_links":{"self":[{"href":"https:\/\/atecordoba.org\/index.php?rest_route=\/wp\/v2\/posts\/7507","targetHints":{"allow":["GET"]}}],"collection":[{"href":"https:\/\/atecordoba.org\/index.php?rest_route=\/wp\/v2\/posts"}],"about":[{"href":"https:\/\/atecordoba.org\/index.php?rest_route=\/wp\/v2\/types\/post"}],"author":[{"embeddable":true,"href":"https:\/\/atecordoba.org\/index.php?rest_route=\/wp\/v2\/users\/1"}],"replies":[{"embeddable":true,"href":"https:\/\/atecordoba.org\/index.php?rest_route=%2Fwp%2Fv2%2Fcomments&post=7507"}],"version-history":[{"count":0,"href":"https:\/\/atecordoba.org\/index.php?rest_route=\/wp\/v2\/posts\/7507\/revisions"}],"wp:featuredmedia":[{"embeddable":true,"href":"https:\/\/atecordoba.org\/index.php?rest_route=\/wp\/v2\/media\/19220"}],"wp:attachment":[{"href":"https:\/\/atecordoba.org\/index.php?rest_route=%2Fwp%2Fv2%2Fmedia&parent=7507"}],"wp:term":[{"taxonomy":"category","embeddable":true,"href":"https:\/\/atecordoba.org\/index.php?rest_route=%2Fwp%2Fv2%2Fcategories&post=7507"},{"taxonomy":"post_tag","embeddable":true,"href":"https:\/\/atecordoba.org\/index.php?rest_route=%2Fwp%2Fv2%2Ftags&post=7507"}],"curies":[{"name":"wp","href":"https:\/\/api.w.org\/{rel}","templated":true}]}}