{"id":7501,"date":"2016-11-03T15:48:03","date_gmt":"2016-11-03T18:48:03","guid":{"rendered":"http:\/\/www.atecordoba.org\/?p=7501"},"modified":"2016-11-03T15:48:03","modified_gmt":"2016-11-03T18:48:03","slug":"ate-realizara-manana-una-jornada-de-difusion-y-esclarecimiento-sobre-el-rechazo-al-tratado-ttp","status":"publish","type":"post","link":"https:\/\/atecordoba.org\/?p=7501","title":{"rendered":"ATE realizar\u00e1 ma\u00f1ana una jornada de difusi\u00f3n y esclarecimiento sobre el rechazo al tratado TTP"},"content":{"rendered":"<p><em>En C\u00f3rdoba, el CDP llevar\u00e1 a cabo una volanteada en la plaza San Mart\u00edn, de 10 a 14, en el marco de una actividad de contacto del sindicato con la comunidad. ATE lanza as\u00ed una campa\u00f1a de difusi\u00f3n y esclarecimiento sobre el rechazo a la incorporaci\u00f3n de nuestro pa\u00eds al tratado de libre comercio TTP, que somete a Argentina al arbitrio de las multinacionales con la excusa de estimular el comercio internacional.&nbsp;<\/em><\/p>\n<p><img loading=\"lazy\" decoding=\"async\" class=\"aligncenter size-full wp-image-7502\" src=\"http:\/\/www.atecordoba.org\/wp-content\/uploads\/2016\/11\/no-al-tratado-transpacifico-ttp-AFICHE-e1478197275798.jpg\" alt=\"no-al-tratado-transpacifico-ttp-afiche\" width=\"550\" height=\"777\"><\/p>\n<p><span style=\"font-size: 11.0pt; color: #333333;\">La Confederaci\u00f3n Latinoamericana de Trabajadores del Estado (Clate), que agrupa a sindicatos estatales de toda Latinoam\u00e9rica &nbsp;y que est\u00e1 presidida actualmente por el secretario Adjunto de ATE nacional Julio Fuentes, viene alertando hace al menos una d\u00e9cada sobre las funestas consecuencias que conlleva la firma del Tratado Transpac\u00edfico de libre comercio que impulsa EE.UU., tras el fracaso del ALCA en Mar del Plata en 2005.&nbsp;<\/span><\/p>\n<p style=\"font-variant-ligatures: normal; font-variant-caps: normal; orphans: 2; text-align: start; widows: 2; -webkit-text-stroke-width: 0px; word-spacing: 0px;\"><span style=\"font-size: 11.0pt; color: #333333;\">Este nuevo tratado que ya integran pa\u00edses de nuestro continente como M\u00e9xico, Colombia, Per\u00fa y Chile, eje tradicionalmente inclinado hacia las pol\u00edticas del pa\u00eds del norte, est\u00e1 siendo visto con simpat\u00eda por el gobierno de Mauricio Macri a partir de los contactos internacionales que tom\u00f3 su gesti\u00f3n desde diciembre pasado, cambiando radicalmente los lineamientos en la pol\u00edtica internacional argentina que se desarrollaron en la \u00faltima d\u00e9cada.<\/span><\/p>\n<p style=\"font-variant-ligatures: normal; font-variant-caps: normal; orphans: 2; text-align: start; widows: 2; -webkit-text-stroke-width: 0px; word-spacing: 0px;\"><span style=\"font-size: 11.0pt; color: #333333;\">En rechazo a esta nueva pol\u00edtica del gobierno del PRO el Congreso Confederal de ATE que se llev\u00f3 a cabo a fines de octubre pasado resolvi\u00f3 que ma\u00f1ana 4 de noviembre ser realice en todo el pa\u00eds una campa\u00f1a de difusi\u00f3n y esclarecimiento para frenar la firma del TTP&nbsp;impulsar el debate, la difusi\u00f3n y la organizaci\u00f3n del pueblo en defensa de la soberan\u00eda nacional, el inter\u00e9s p\u00fablico y nuestros derechos, por encima del inter\u00e9s de las corporaciones.<\/span><\/p>\n<p style=\"font-variant-ligatures: normal; font-variant-caps: normal; orphans: 2; text-align: start; widows: 2; -webkit-text-stroke-width: 0px; word-spacing: 0px;\"><span style=\"font-size: 11.0pt; color: #333333;\">Vale se\u00f1alar que el tratado impone a los estados miembros una serie de condiciones en<span class=\"apple-converted-space\">&nbsp;<\/span>las pol\u00edticas de comercio exterior, administraci\u00f3n aduanera, telecomunicaciones, propiedad intelectual, derechos laborales, servicios financieros, empresas estatales y monopolios p\u00fablicos.&nbsp;<\/span><\/p>\n<div class=\"epyt-video-wrapper\"><iframe loading=\"lazy\"  style=\"display: block; margin: 0px auto;\"  id=\"_ytid_53613\"  width=\"480\" height=\"270\"  data-origwidth=\"480\" data-origheight=\"270\" src=\"https:\/\/www.youtube.com\/embed\/Bp-vJjlmCzQ?enablejsapi=1&#038;autoplay=0&#038;cc_load_policy=0&#038;cc_lang_pref=&#038;iv_load_policy=3&#038;loop=0&#038;rel=0&#038;fs=1&#038;playsinline=0&#038;autohide=2&#038;theme=dark&#038;color=red&#038;controls=1&#038;disablekb=0&#038;\" class=\"__youtube_prefs__  epyt-is-override  no-lazyload\" title=\"YouTube player\"  allow=\"fullscreen; accelerometer; autoplay; clipboard-write; encrypted-media; gyroscope; picture-in-picture; web-share\" referrerpolicy=\"strict-origin-when-cross-origin\" allowfullscreen data-no-lazy=\"1\" data-skipgform_ajax_framebjll=\"\"><\/iframe><\/div>\n<p style=\"font-variant-ligatures: normal; font-variant-caps: normal; orphans: 2; text-align: start; widows: 2; -webkit-text-stroke-width: 0px; word-spacing: 0px;\"><span style=\"font-size: 11.0pt; color: #333333;\">En consecuencia, de firmar el TTP, Argentina se ver\u00eda impedida&nbsp;para<span class=\"apple-converted-space\">&nbsp;<\/span>reestatizar empresas privatizadas,&nbsp;ni favorecer a proveedores locales en las compras p\u00fablicas para promover el desarrollo nacional,&nbsp;ni regular los flujos financieros,&nbsp;ni establecer medidas de protecci\u00f3n del empleo ante situaciones de crisis.&nbsp;Todo ello si quiere mantener sus compromisos con los inversores.<\/span><\/p>\n<p style=\"font-variant-ligatures: normal; font-variant-caps: normal; orphans: 2; text-align: start; widows: 2; -webkit-text-stroke-width: 0px; word-spacing: 0px;\"><span style=\"font-size: 11.0pt; color: #333333;\">En Consejo Directivo Provincial, encabezado por nuestra secretaria General Mar\u00eda Liliana Salerno, resolvi\u00f3 participar activamente de la campa\u00f1a de esclarecimiento junto al cuerpo de delegados y las conducciones de las distintas seccionales. Por eso convoca a todos nuestros afiliados a participar en la medida de sus posibilidades en la volanteada que se llevar\u00e1 a cabo ma\u00f1ana desde las 10 horas en la plaza San Mart\u00edn. La actividad se desarrollar\u00e1 hasta las 14 horas.<\/span><\/p>\n<p>&nbsp;<\/p>\n","protected":false},"excerpt":{"rendered":"<p>En C\u00f3rdoba, el CDP llevar\u00e1 a cabo una volanteada en la plaza San Mart\u00edn, de 10 a 14, en el marco de una actividad de contacto del sindicato con la comunidad. ATE lanza as\u00ed una campa\u00f1a de difusi\u00f3n y esclarecimiento sobre el rechazo a la incorporaci\u00f3n de nuestro pa\u00eds al tratado de libre comercio TTP, [&hellip;]<\/p>\n","protected":false},"author":1,"featured_media":19220,"comment_status":"open","ping_status":"open","sticky":false,"template":"","format":"standard","meta":{"_exactmetrics_skip_tracking":false,"_exactmetrics_sitenote_active":false,"_exactmetrics_sitenote_note":"","_exactmetrics_sitenote_category":0,"jnews-multi-image_gallery":[],"jnews_single_post":[],"jnews_primary_category":[],"jnews_social_meta":[],"jnews_review":[],"enable_review":"","type":"","name":"","summary":"","brand":"","sku":"","good":[],"bad":[],"score_override":"","override_value":"","rating":[],"price":[],"jnews_override_counter":[],"jnews_post_split":[],"footnotes":""},"categories":[10,129],"tags":[],"class_list":["post-7501","post","type-post","status-publish","format-standard","has-post-thumbnail","hentry","category-accion-politica","category-clate"],"jetpack_featured_media_url":"https:\/\/atecordoba.org\/wp-content\/uploads\/2020\/05\/logo-nuevochico-e1561581322808.png","_links":{"self":[{"href":"https:\/\/atecordoba.org\/index.php?rest_route=\/wp\/v2\/posts\/7501","targetHints":{"allow":["GET"]}}],"collection":[{"href":"https:\/\/atecordoba.org\/index.php?rest_route=\/wp\/v2\/posts"}],"about":[{"href":"https:\/\/atecordoba.org\/index.php?rest_route=\/wp\/v2\/types\/post"}],"author":[{"embeddable":true,"href":"https:\/\/atecordoba.org\/index.php?rest_route=\/wp\/v2\/users\/1"}],"replies":[{"embeddable":true,"href":"https:\/\/atecordoba.org\/index.php?rest_route=%2Fwp%2Fv2%2Fcomments&post=7501"}],"version-history":[{"count":0,"href":"https:\/\/atecordoba.org\/index.php?rest_route=\/wp\/v2\/posts\/7501\/revisions"}],"wp:featuredmedia":[{"embeddable":true,"href":"https:\/\/atecordoba.org\/index.php?rest_route=\/wp\/v2\/media\/19220"}],"wp:attachment":[{"href":"https:\/\/atecordoba.org\/index.php?rest_route=%2Fwp%2Fv2%2Fmedia&parent=7501"}],"wp:term":[{"taxonomy":"category","embeddable":true,"href":"https:\/\/atecordoba.org\/index.php?rest_route=%2Fwp%2Fv2%2Fcategories&post=7501"},{"taxonomy":"post_tag","embeddable":true,"href":"https:\/\/atecordoba.org\/index.php?rest_route=%2Fwp%2Fv2%2Ftags&post=7501"}],"curies":[{"name":"wp","href":"https:\/\/api.w.org\/{rel}","templated":true}]}}