{"id":7492,"date":"2016-10-31T17:59:14","date_gmt":"2016-10-31T20:59:14","guid":{"rendered":"http:\/\/www.atecordoba.org\/?p=7492"},"modified":"2016-10-31T17:59:14","modified_gmt":"2016-10-31T20:59:14","slug":"ate-cordoba-repudia-las-agresiones-sufridas-por-militantes-durante-el-confederal","status":"publish","type":"post","link":"https:\/\/atecordoba.org\/?p=7492","title":{"rendered":"ATE C\u00f3rdoba repudia las agresiones sufridas por militantes durante el Confederal"},"content":{"rendered":"<p><em>Antes de comenzar el Confederal, personas vinculadas a la agrupaci\u00f3n Verde y Blanca irrumpieron con violencia dejando un saldo de varios heridos.<\/em><\/p>\n<p><img loading=\"lazy\" decoding=\"async\" class=\"aligncenter size-full wp-image-7493\" src=\"http:\/\/www.atecordoba.org\/wp-content\/uploads\/2016\/10\/23992225587bd7795eaf43d6dcff7af9_m-e1477947426833.jpg\" alt=\"23992225587bd7795eaf43d6dcff7af9_m\" width=\"550\" height=\"367\"><\/p>\n<p>Desde ATE C\u00f3rdoba expresamos nuestro m\u00e1s en\u00e9rgico rechazo a la violenta agresi\u00f3n motorizada por un sector ligado a la conducci\u00f3n de ATE Capital y ATE Santa Fe. \u201cUn grupo de dirigentes convocados por los Secretarios Generales de Capital Federal, Daniel Catalano, y de Santa Fe, Jorge Hoffmann, junto con barras bravas de diferentes hinchadas irrumpieron violentamente en el hotel Bauen, rompiendo vidrios e intentaron impedir que el Confederal se realizara\u201d, explic\u00f3 Hugo \u201cCachorro\u201d Godoy, Secretario General de ATE nacional. Tambi\u00e9n hab\u00eda entre los agresores un grupo que representaba a ATE Jujuy y ATE Neuqu\u00e9n.<\/p>\n<p>Estuvieron presentes en el Confederal la Secretaria General de ATE C\u00f3rdoba, Mar\u00eda Liliana Salerno, el Secretario General de la Seccional R\u00edo Tercero, Cristian Colman, el Secretario General de la Seccional Villa Mar\u00eda, Fernando Mercado y el Secretario General de la Seccional R\u00edo Cuarto, Walter Avalos, quienes sufrieron en carne propia los golpes y el atropello propinado por el grupo de violentos que irrumpi\u00f3 en el Hotel Bauen.<\/p>\n<p>El Consejo Directivo Provincial junto con todo el cuerpo de delegados de ATE C\u00f3rdoba repudia este tipo de manifestaciones, que da\u00f1an gravemente no s\u00f3lo a los compa\u00f1eros sino a la unidad de los trabajadores en general. Desde ATE C\u00f3rdoba, seguiremos trabajando en pos de una verdadera democracia sindical y de la uni\u00f3n de los sectores trabajadores.<\/p>\n<div class=\"epyt-video-wrapper\"><iframe loading=\"lazy\"  style=\"display: block; margin: 0px auto;\"  id=\"_ytid_81502\"  width=\"480\" height=\"270\"  data-origwidth=\"480\" data-origheight=\"270\" src=\"https:\/\/www.youtube.com\/embed\/w5HqaCRIbZ4?enablejsapi=1&#038;list=PLjTMEbB2WEPDtCKIkxsAstPAtTmIZWie6&#038;autoplay=0&#038;cc_load_policy=0&#038;cc_lang_pref=&#038;iv_load_policy=3&#038;loop=0&#038;rel=0&#038;fs=1&#038;playsinline=0&#038;autohide=2&#038;theme=dark&#038;color=red&#038;controls=1&#038;disablekb=0&#038;\" class=\"__youtube_prefs__  epyt-is-override  no-lazyload\" title=\"YouTube player\"  allow=\"fullscreen; accelerometer; autoplay; clipboard-write; encrypted-media; gyroscope; picture-in-picture; web-share\" referrerpolicy=\"strict-origin-when-cross-origin\" allowfullscreen data-no-lazy=\"1\" data-skipgform_ajax_framebjll=\"\"><\/iframe><\/div>\n<p><strong>Repudio del Confederal<\/strong><\/p>\n<p>Al finalizar el Confederal, se ley\u00f3 un documento sobre los incidentes generados por la agrupaci\u00f3n Verde y Blanca en el Hotel Bauen:<\/p>\n<p><span style=\"font-style: inherit; font-weight: inherit;\">&#8220;A los 27 d\u00edas del mes de octubre de 2016 el Confederal de la Asociaci\u00f3n de Trabajadores del Estado reunido en el Consejo Directivo Nacional repudia la brutal violencia ejercida en el d\u00eda de ayer&nbsp; por integrantes de la lista Verde Blanca&nbsp; quienes encabezados por el secretario general de la capital, Daniel Catalano y parte de su secretariado; el secretario general de la provincia de Santa Fe, Jorge Hoffman , Secretario Adjunto de la CTA de Hugo Yasky , el secretario general de la provincia de Jujuy&nbsp; Mat\u00edas Brizuela, as\u00ed como tambi\u00e9n miembros de esa lista de otras provincias que resultaron perdedores en las elecciones de nuestro sindicato el 2 de septiembre del 2015.<\/span><\/p>\n<p><img loading=\"lazy\" decoding=\"async\" class=\"aligncenter size-full wp-image-7495\" src=\"http:\/\/www.atecordoba.org\/wp-content\/uploads\/2016\/10\/8383_3487-e1477947446620.jpg\" alt=\"8383_3487\" width=\"550\" height=\"367\"><\/p>\n<p><span style=\"font-style: inherit; font-weight: inherit;\">Estos personajes , que ponen al sindicato al servicio de una estrategia pol\u00edtica partidaria,&nbsp;&nbsp; acompa\u00f1ados de barras bravas armadas&nbsp; ajenas a la militancia de nuestra organizaci\u00f3n irrumpieron violentamente en el Hotel Bauen en momentos en que, como en todo Congreso, se estaba realizando la acreditaci\u00f3n de los congresales.<\/span><\/p>\n<p><span style=\"font-style: inherit; font-weight: inherit;\">Avasallaron la entrada donde hab\u00eda un grupo de compa\u00f1eras y compa\u00f1eros encargados de darle la informaci\u00f3n a los congresales para su acreditaci\u00f3n, golpeando con pu\u00f1os y palos a todos los presentes, amenazando con armas blancas y rompiendo vidrios que cayeron sobre los compa\u00f1eros, pisando a las compa\u00f1eras y compa\u00f1eros que ca\u00edan al piso, golpeando&nbsp; inclusive a las trabajadoras y trabajadores del propio hotel, sin importarles el da\u00f1o ocasionado a esa cooperativa de trabajadores\/as.<\/span><\/p>\n<p><span style=\"font-style: inherit; font-weight: inherit;\">Ni aun as\u00ed, habiendo ingresado al hotel cesaron con la violencia que ejerc\u00edan al pasar, tirando tambi\u00e9n bombas de estruendo, poniendo en riesgo la vida de los personas ni\u00f1os\/as que se encontraban alojadas all\u00ed&nbsp; para cumplir su objetivo de intentar impedir que el Confederal que realizara.<\/span><\/p>\n<div class=\"epyt-video-wrapper\"><iframe loading=\"lazy\"  style=\"display: block; margin: 0px auto;\"  id=\"_ytid_56508\"  width=\"480\" height=\"270\"  data-origwidth=\"480\" data-origheight=\"270\" src=\"https:\/\/www.youtube.com\/embed\/T5-y0ZeQibg?enablejsapi=1&#038;list=PLjTMEbB2WEPDtCKIkxsAstPAtTmIZWie6&#038;autoplay=0&#038;cc_load_policy=0&#038;cc_lang_pref=&#038;iv_load_policy=3&#038;loop=0&#038;rel=0&#038;fs=1&#038;playsinline=0&#038;autohide=2&#038;theme=dark&#038;color=red&#038;controls=1&#038;disablekb=0&#038;\" class=\"__youtube_prefs__  epyt-is-override  no-lazyload\" title=\"YouTube player\"  allow=\"fullscreen; accelerometer; autoplay; clipboard-write; encrypted-media; gyroscope; picture-in-picture; web-share\" referrerpolicy=\"strict-origin-when-cross-origin\" allowfullscreen data-no-lazy=\"1\" data-skipgform_ajax_framebjll=\"\"><\/iframe><\/div>\n<p><span style=\"font-style: inherit; font-weight: inherit;\">Este \u00f3rgano deliberativo, es una de mayores instancias de debate democr\u00e1tico&nbsp; que tiene nuestra organizaci\u00f3n sindical, donde&nbsp; se acuerdan con todos\/as los secretarios\/as generales de Consejos Directivos provinciales&nbsp; y Seccionales del pa\u00eds las l\u00edneas pol\u00edticas organizativas y gremiales de nuestro sindicato.<\/span><\/p>\n<p><span style=\"font-style: inherit; font-weight: inherit;\">A una semana de la gesta hist\u00f3rica del Paro Nacional de Mujeres que nuestra ATE protagoniz\u00f3 con otras organizaciones bajo la consigna NI UNA MENOS, donde&nbsp; resuenan todav\u00eda en las calles, las voces de las mujeres y varones manifest\u00e1ndonos contra todo tipo de&nbsp; violencia es que condenamos&nbsp; esta metodolog\u00eda violenta&nbsp; que podr\u00eda haber terminado en la muerte de alguna de nuestras compa\u00f1eras y compa\u00f1eros.<\/span><\/p>\n<p><span style=\"font-style: inherit; font-weight: inherit;\">Este accionar&nbsp; ejercido por estos individuos, es ajeno a&nbsp; nuestra cultura hist\u00f3rica y&nbsp; pr\u00e1ctica sindical&nbsp;&nbsp; y por lo tanto tienen el repudio de todas las compa\u00f1eras\/os&nbsp; dirigentas\/es de todo el pa\u00eds que est\u00e1n seccionando en este Confederal.<\/span><\/p>\n<p><span style=\"font-style: inherit; font-weight: inherit;\">As\u00ed mismo hacemos responsable a los dirigentes pol\u00edticos de este grupo minoritario de nuestra ATE por los da\u00f1os ocasionados a nuestras y nuestros militantes, como a las trabajadoras y trabajadores del Hotel&nbsp; Bauen, accionar similar que provoc\u00f3 la muerte del militante Mariano Ferreira.<\/span><\/p>\n<p><img loading=\"lazy\" decoding=\"async\" class=\"aligncenter size-full wp-image-7497\" src=\"http:\/\/www.atecordoba.org\/wp-content\/uploads\/2016\/10\/8383_3493-e1477947469133.jpg\" alt=\"8383_3493\" width=\"550\" height=\"367\"><\/p>\n<p><span style=\"font-style: inherit; font-weight: inherit;\">Nada nos alejar\u00e1 de los objetivos trazados por nuestro sindicato protagonista de los 7 Paros Nacionales realizados desde el 29 de Diciembre de 2015 en la defensa de todos los trabajadoras\/os ante las pol\u00edticas de ajustes&nbsp; que los gobiernos vienen aplicando dentro de este modelo Neoliberal.<\/span><\/p>\n<p><span style=\"font-style: inherit; font-weight: inherit;\">Este Confederal consolida nuestro gremio y unidad en torno a un proyecto nacional de liberaci\u00f3n donde los trabajadores y trabajadoras y el pueblo seamos art\u00edfices de nuestro destino. Asumimos consientemente hacer realidad est\u00e1 pol\u00edtica en cada rinc\u00f3n de nuestro pa\u00eds donde laten cotidianamente la lucha, los sue\u00f1os y la esperanza de los trabajadoras y trabajadores estatales.&#8221;<\/span><\/p>\n<p><img loading=\"lazy\" decoding=\"async\" class=\"aligncenter size-full wp-image-7494\" src=\"http:\/\/www.atecordoba.org\/wp-content\/uploads\/2016\/10\/8383_3486-e1477947436875.jpg\" alt=\"8383_3486\" width=\"550\" height=\"409\"><\/p>\n<p><span style=\"font-style: inherit; font-weight: inherit;\"><b><strong style=\"font-style: inherit;\">Compa\u00f1eras y compa\u00f1eros presentes en el Confederal:<\/strong><\/b><\/span><\/p>\n<p><span style=\"font-style: inherit; font-weight: inherit;\">SALTA<\/span><\/p>\n<p><span style=\"font-style: inherit; font-weight: inherit;\">&#8211; CDP: Juan Francisco Arroyo<\/span><\/p>\n<p><span style=\"font-style: inherit; font-weight: inherit;\">&#8211; Oran: Nieba Germ\u00e1n<\/span><\/p>\n<p><span style=\"font-style: inherit; font-weight: inherit;\">&#8211; Metan: Figueroa Santos A.<\/span><\/p>\n<p><span style=\"font-style: inherit; font-weight: inherit;\">&#8211; Cafayate: Haviar Cristian Andr\u00e9s<\/span><\/p>\n<p><span style=\"font-style: inherit; font-weight: inherit;\">&nbsp;<\/span><\/p>\n<p><span style=\"font-style: inherit; font-weight: inherit;\">BUENOS AIRES<\/span><\/p>\n<p><span style=\"font-style: inherit; font-weight: inherit;\">&#8211; CDP: Oscar de Isasi<\/span><\/p>\n<p><span style=\"font-style: inherit; font-weight: inherit;\">&#8211; Centro de Bs As: Melian Maria Cristina <\/span><\/p>\n<p><span style=\"font-style: inherit; font-weight: inherit;\">&#8211; Bah\u00eda Blanca: Marfil Viviana<\/span><\/p>\n<p><span style=\"font-style: inherit; font-weight: inherit;\">&#8211; Ezeiza: Ravetti Jorge David<\/span><\/p>\n<p><span style=\"font-style: inherit; font-weight: inherit;\">&#8211; Ca\u00f1uelas\/Lobos: Graciela Perazzo<\/span><\/p>\n<p><span style=\"font-style: inherit; font-weight: inherit;\">&#8211; Hurlingam\/Ituzaingo: Alegre alejandrina<\/span><\/p>\n<p><span style=\"font-style: inherit; font-weight: inherit;\">&#8211; Tandil\/Benito Juarez: Cano Marcos Julio<\/span><\/p>\n<p><span style=\"font-style: inherit; font-weight: inherit;\">&#8211; Ensenada: Banegas Francisco Paul<\/span><\/p>\n<p><span style=\"font-style: inherit; font-weight: inherit;\">&#8211; A. Brown\/Presidente Per\u00f3n: Anzorena Juan Jos\u00e9<\/span><\/p>\n<p><span style=\"font-style: inherit; font-weight: inherit;\">&#8211; Gran Bs As Sur: Quercia Nora Claudia<\/span><\/p>\n<p><span style=\"font-style: inherit; font-weight: inherit;\">&#8211; Lan\u00fas: Pignataro Marcelo Dar\u00edo<\/span><\/p>\n<p><span style=\"font-style: inherit; font-weight: inherit;\">&#8211; Mar del Plata: Navarro Ezequiel Hern\u00e1n<\/span><\/p>\n<p><span style=\"font-style: inherit; font-weight: inherit;\">&#8211; Carmen de Patagones: Paleta Gustavo<\/span><\/p>\n<p><span style=\"font-style: inherit; font-weight: inherit;\">&#8211; Pilar: Radaelli Oscar<\/span><\/p>\n<p><span style=\"font-style: inherit; font-weight: inherit;\">&#8211; Punta Alta: Mendoza Ana Mar\u00eda]<\/span><\/p>\n<p><span style=\"font-style: inherit; font-weight: inherit;\">&#8211; Quilmes: Arevalo Claudio Daniel<\/span><\/p>\n<p><span style=\"font-style: inherit; font-weight: inherit;\">&#8211; Berisso: Murgia Juan Alberto<\/span><\/p>\n<p><span style=\"font-style: inherit; font-weight: inherit;\">&#8211; Tres de Febrero: Felpeto Claudia Viviana<\/span><\/p>\n<p><span style=\"font-style: inherit; font-weight: inherit;\">&#8211; San Martin: Peresan Enrique<\/span><\/p>\n<p><span style=\"font-style: inherit; font-weight: inherit;\">&#8211; Moreno: Cravero Walter<\/span><\/p>\n<p><span style=\"font-style: inherit; font-weight: inherit;\">&#8211; San Miguel: Acuya Gonzalo<\/span><\/p>\n<p><span style=\"font-style: inherit; font-weight: inherit;\">&#8211; Malvinas Argentinas: Quiroga Hector<\/span><\/p>\n<p><span style=\"font-style: inherit; font-weight: inherit;\">&#8211; Magdalena\/Punta Indio: Roblin Dabel Hernan<\/span><\/p>\n<p><span style=\"font-style: inherit; font-weight: inherit;\">&#8211; Zarate: Perez Fernando Daniel<\/span><\/p>\n<p><span style=\"font-style: inherit; font-weight: inherit;\">&#8211; Baradero: Mosi Miguel Angel<\/span><\/p>\n<p><span style=\"font-style: inherit; font-weight: inherit;\">&#8211; Ramallo\/Arrecife\/Salto: Lezcano Gabriel Adrian<\/span><\/p>\n<p><span style=\"font-style: inherit; font-weight: inherit;\">&#8211; Gran Bs As Noroeste: Devalle Ana Gladis<\/span><\/p>\n<p><span style=\"font-style: inherit; font-weight: inherit;\">&#8211; Mercedes: Bonafina Hugo<\/span><\/p>\n<p><span style=\"font-style: inherit; font-weight: inherit;\">&#8211; Junin: Miguenz Julio Daniel<\/span><\/p>\n<p><span style=\"font-style: inherit; font-weight: inherit;\">&#8211; Tigre: Charquero Miguel Alejandro<\/span><\/p>\n<p><span style=\"font-style: inherit; font-weight: inherit;\">&#8211; Bragado: Ugo Oscar<\/span><\/p>\n<p><span style=\"font-style: inherit; font-weight: inherit;\">&#8211; Zona Norte: Alessandrini Fabi\u00e1n Dar\u00edo<\/span><\/p>\n<p><span style=\"font-style: inherit; font-weight: inherit;\">&#8211; Municipalidad Urb. La Costa: Garrido Magdalena Beatriz<\/span><\/p>\n<p><span style=\"font-style: inherit; font-weight: inherit;\">&#8211; San Nicol\u00e1s: Bravo Mar\u00eda Eugenia<\/span><\/p>\n<p><span style=\"font-style: inherit; font-weight: inherit;\">&#8211; Chacabuco: Calarco Horacio Daniel<\/span><\/p>\n<p><span style=\"font-style: inherit; font-weight: inherit;\">&#8211; Florencio Varela: Olmedo Dar\u00edo<\/span><\/p>\n<p><span style=\"font-style: inherit; font-weight: inherit;\">&#8211; Berazategui: Acosta Carlos Antonio<\/span><\/p>\n<p><span style=\"font-style: inherit; font-weight: inherit;\">&#8211; San Andr\u00e9s de Giles\/Carmen de Areco: Monsalvo Stella Maris<\/span><\/p>\n<p><span style=\"font-style: inherit; font-weight: inherit;\">&#8211; Jos\u00e9 C Paz: Rivas Rosa Adelina<\/span><\/p>\n<p><span style=\"font-style: inherit; font-weight: inherit;\">&#8211; San Pedro: Gauna Gustavo<\/span><\/p>\n<p><span style=\"font-style: inherit; font-weight: inherit;\">&#8211; Villarino: Sosa M\u00f3nica Gladys<\/span><\/p>\n<p><span style=\"font-style: inherit; font-weight: inherit;\">&#8211; Necochea: Herrero Jorge Javier<\/span><\/p>\n<p><span style=\"font-style: inherit; font-weight: inherit;\">&#8211; Leandro N Alem: Bueno Lujan Christian<\/span><\/p>\n<p><span style=\"font-style: inherit; font-weight: inherit;\">&#8211; San Isidro: Escobar Horacio<\/span><\/p>\n<p><span style=\"font-style: inherit; font-weight: inherit;\">&#8211; Monte: Alvaro Jorge Luis<\/span><\/p>\n<p><span style=\"font-style: inherit; font-weight: inherit;\">&#8211; Brandsen\/Ranchos: L\u00f3pez Oscar Natalio<\/span><\/p>\n<p><span style=\"font-style: inherit; font-weight: inherit;\">&nbsp;<\/span><\/p>\n<p><span style=\"font-style: inherit; font-weight: inherit;\">SAN LUIS<\/span><\/p>\n<p><span style=\"font-style: inherit; font-weight: inherit;\">&#8211; CDP: Mu\u00f1oz Carmen Ofelia<\/span><\/p>\n<p><span style=\"font-style: inherit; font-weight: inherit;\">&#8211; Villa Mercedes: Quiroga Jos\u00e9 Antonio<\/span><\/p>\n<p><span style=\"font-style: inherit; font-weight: inherit;\">&nbsp;<\/span><\/p>\n<p><span style=\"font-style: inherit; font-weight: inherit;\">SANTIAGO DEL ESTERO<\/span><\/p>\n<p><span style=\"font-style: inherit; font-weight: inherit;\">&#8211; CDP: Ju\u00e1rez Elida del Valle <\/span><\/p>\n<p><span style=\"font-style: inherit; font-weight: inherit;\">&#8211; Fr\u00edas: Sequeira Humberto<\/span><\/p>\n<p><span style=\"font-style: inherit; font-weight: inherit;\">&#8211; Termas de R\u00edo Hondo: Saavedra Olga Marisa<\/span><\/p>\n<p><span style=\"font-style: inherit; font-weight: inherit;\">&#8211; A\u00f1atuya: Carabajal Miguel \u00c1ngel<\/span><\/p>\n<p><span style=\"font-style: inherit; font-weight: inherit;\">&nbsp;<\/span><\/p>\n<p><span style=\"font-style: inherit; font-weight: inherit;\">CHACO<\/span><\/p>\n<p><span style=\"font-style: inherit; font-weight: inherit;\">&#8211; CDP: Bustamante Mario Raimundo<\/span><\/p>\n<p><span style=\"font-style: inherit; font-weight: inherit;\">&nbsp;<\/span><\/p>\n<p><span style=\"font-style: inherit; font-weight: inherit;\">SAN JUAN<\/span><\/p>\n<p><span style=\"font-style: inherit; font-weight: inherit;\">&#8211; CDP: Carrizo Apolinario<\/span><\/p>\n<p><span style=\"font-style: inherit; font-weight: inherit;\">&#8211; Jachal: Luna Carlos<\/span><\/p>\n<p><span style=\"font-style: inherit; font-weight: inherit;\">&nbsp;<\/span><\/p>\n<p><span style=\"font-style: inherit; font-weight: inherit;\">CATAMARCA<\/span><\/p>\n<p><span style=\"font-style: inherit; font-weight: inherit;\">&#8211; CDP: Arevalo Angel<\/span><\/p>\n<p><span style=\"font-style: inherit; font-weight: inherit;\">&#8211; Santa Mar\u00eda: Fuensalida V\u00edctor Ram\u00f3n<\/span><\/p>\n<p><span style=\"font-style: inherit; font-weight: inherit;\">&#8211; Bel\u00e9n: Chaile Aldo Enrique<\/span><\/p>\n<p><span style=\"font-style: inherit; font-weight: inherit;\">&nbsp;<\/span><\/p>\n<p><span style=\"font-style: inherit; font-weight: inherit;\">LA PAMPA<\/span><\/p>\n<p><span style=\"font-style: inherit; font-weight: inherit;\">&#8211; CDP: Araujo Ricardo Manuel<\/span><\/p>\n<p><span style=\"font-style: inherit; font-weight: inherit;\">&#8211; 25 de Mayo: Sosa Rub\u00e9n<\/span><\/p>\n<p><span style=\"font-style: inherit; font-weight: inherit;\">&nbsp;<\/span><\/p>\n<p><span style=\"font-style: inherit; font-weight: inherit;\">MENDOZA<\/span><\/p>\n<p><span style=\"font-style: inherit; font-weight: inherit;\">&#8211; CDP: Macho Roberto Antonio<\/span><\/p>\n<p><span style=\"font-style: inherit; font-weight: inherit;\">&#8211; Malargue: Dominguez Portabella, Rub\u00e9n Anibal<\/span><\/p>\n<p><span style=\"font-style: inherit; font-weight: inherit;\">&#8211; San Rafael: Juri Enrique Isaac<\/span><\/p>\n<p><span style=\"font-style: inherit; font-weight: inherit;\">&#8211; General Alvear: Liywinczuc Acu\u00f1a Sandra Viviana<\/span><\/p>\n<p><span style=\"font-style: inherit; font-weight: inherit;\">&#8211; Tunuy\u00e1n: Rosana Estrella<\/span><\/p>\n<p><span style=\"font-style: inherit; font-weight: inherit;\">&#8211; San Carlos: Zotelo Ariel Ramon<\/span><\/p>\n<p><span style=\"font-style: inherit; font-weight: inherit;\">&#8211; San Martin: Dazat Juan Carlos<\/span><\/p>\n<p><span style=\"font-style: inherit; font-weight: inherit;\">&#8211; Lavalle: Mayorga Sergio Daniel<\/span><\/p>\n<p><span style=\"font-style: inherit; font-weight: inherit;\">&#8211; Lujan de Cuyo: Marzola Carlos Dante<\/span><\/p>\n<p><span style=\"font-style: inherit; font-weight: inherit;\">&nbsp;<\/span><\/p>\n<p><span style=\"font-style: inherit; font-weight: inherit;\">MISIONES<\/span><\/p>\n<p><span style=\"font-style: inherit; font-weight: inherit;\">&#8211; CDP: Fari\u00f1a Julio Cesar<\/span><\/p>\n<p><span style=\"font-style: inherit; font-weight: inherit;\">&#8211; Puerto Iguaz\u00fa: Loza Lucas Juan Manuel<\/span><\/p>\n<p><span style=\"font-style: inherit; font-weight: inherit;\">&#8211; El Dorado: Carballo Alejandro<\/span><\/p>\n<p><span style=\"font-style: inherit; font-weight: inherit;\">&#8211; Obera: V\u00edctor Paredes<\/span><\/p>\n<p><span style=\"font-style: inherit; font-weight: inherit;\">&#8211; San Vicente: Rosa Roni Pablo<\/span><\/p>\n<p><span style=\"font-style: inherit; font-weight: inherit;\">&#8211; Zona Sur: Alvez Ana Mar\u00eda<\/span><\/p>\n<p><span style=\"font-style: inherit; font-weight: inherit;\">&nbsp;<\/span><\/p>\n<p><span style=\"font-style: inherit; font-weight: inherit;\">FORMOSA<\/span><\/p>\n<p><span style=\"font-style: inherit; font-weight: inherit;\">&#8211; CDP: Vazquez Nestor<\/span><\/p>\n<p><span style=\"font-style: inherit; font-weight: inherit;\">&#8211; Ingeniero Juarez: Quintana Jorge Luis<\/span><\/p>\n<p><span style=\"font-style: inherit; font-weight: inherit;\">&#8211; Ibarreta: Mariani Sergio Raul<\/span><\/p>\n<p><span style=\"font-style: inherit; font-weight: inherit;\">&nbsp;<\/span><\/p>\n<p><span style=\"font-style: inherit; font-weight: inherit;\">NEUQU\u00c9N<\/span><\/p>\n<p><span style=\"font-style: inherit; font-weight: inherit;\">&#8211; Cutral C\u00f3: Valenzuela Sergio<\/span><\/p>\n<p><span style=\"font-style: inherit; font-weight: inherit;\">&#8211; Chos Malal: Maldonado Santiago<\/span><\/p>\n<p><span style=\"font-style: inherit; font-weight: inherit;\">&nbsp;<\/span><\/p>\n<p><span style=\"font-style: inherit; font-weight: inherit;\">RIO NEGRO<\/span><\/p>\n<p><span style=\"font-style: inherit; font-weight: inherit;\">&#8211; CDP: Rodolfo Aguiar<\/span><\/p>\n<p><span style=\"font-style: inherit; font-weight: inherit;\">&#8211; Alto Valle Este: Gabarra Federico<\/span><\/p>\n<p><span style=\"font-style: inherit; font-weight: inherit;\">&#8211; Alto Valle Oeste: N\u00fa\u00f1ez Jorge<\/span><\/p>\n<p><span style=\"font-style: inherit; font-weight: inherit;\">&#8211; Zona Norte: Fern\u00e1ndez Dora Noem\u00ed<\/span><\/p>\n<p><span style=\"font-style: inherit; font-weight: inherit;\">&nbsp;<\/span><\/p>\n<p><span style=\"font-style: inherit; font-weight: inherit;\">SANTA FE<\/span><\/p>\n<p><span style=\"font-style: inherit; font-weight: inherit;\">-Rosario: Daz Ra\u00fal Orlando<\/span><\/p>\n<p><span style=\"font-style: inherit; font-weight: inherit;\">&nbsp;<\/span><\/p>\n<p><span style=\"font-style: inherit; font-weight: inherit;\">TUCUMAN<\/span><\/p>\n<p><span style=\"font-style: inherit; font-weight: inherit;\">&#8211; CDP: Marcelo S\u00e1nchez<\/span><\/p>\n<p><span style=\"font-style: inherit; font-weight: inherit;\">&#8211; Bella Vista: Ocaranza Mario<\/span><\/p>\n<p><span style=\"font-style: inherit; font-weight: inherit;\">&#8211; Sur: Gozalez Ra\u00fal<\/span><\/p>\n<p><span style=\"font-style: inherit; font-weight: inherit;\">&#8211; Oeste: Godoy Eugenia Celina<\/span><\/p>\n<p><span style=\"font-style: inherit; font-weight: inherit;\">&#8211; Este: Mangarella Marcos<\/span><\/p>\n<p><span style=\"font-style: inherit; font-weight: inherit;\">&#8211; Alberdi: Salvatierra, C\u00e9sar (invitado)<\/span><\/p>\n<p><span style=\"font-style: inherit; font-weight: inherit;\">&nbsp;<\/span><\/p>\n<p><span style=\"font-style: inherit; font-weight: inherit;\">CHUBUT<\/span><\/p>\n<p><span style=\"font-style: inherit; font-weight: inherit;\">&#8211; Esquel: Bernabe Guillermo<\/span><\/p>\n<p><span style=\"font-style: inherit; font-weight: inherit;\">&#8211; Puerto Madryn: Cabeda Roberto<\/span><\/p>\n<p><span style=\"font-style: inherit; font-weight: inherit;\">&#8211; Comarca: Gallardo Angelica Soledad<\/span><\/p>\n<p><span style=\"font-style: inherit; font-weight: inherit;\">&#8211; Sarmiento: Curapil Felix<\/span><\/p>\n<p><span style=\"font-style: inherit; font-weight: inherit;\">&#8211; Trelew: Severiche Jose Filiberto<\/span><\/p>\n<p><span style=\"font-style: inherit; font-weight: inherit;\">&nbsp;<\/span><\/p>\n<p><span style=\"font-style: inherit; font-weight: inherit;\">TIERRA DEL FUEGO<\/span><\/p>\n<p><span style=\"font-style: inherit; font-weight: inherit;\">&#8211; CDP: C\u00f3rdoba Carlos<\/span><\/p>\n<p><span style=\"font-style: inherit; font-weight: inherit;\">&#8211; Rio Grande: C\u00f3rdoba Jos\u00e9 Marcelo<\/span><\/p>\n<p><span style=\"font-style: inherit; font-weight: inherit;\">&#8211; Tolhuin: Garrighan Vicente<\/span><\/p>\n<p><span style=\"font-style: inherit; font-weight: inherit;\">&nbsp;<\/span><\/p>\n<p><span style=\"font-style: inherit; font-weight: inherit;\">CORRIENTES<\/span><\/p>\n<p><span style=\"font-style: inherit; font-weight: inherit;\">&#8211; Mercedes: G\u00f3mez N\u00e9stor<\/span><\/p>\n<p><span style=\"font-style: inherit; font-weight: inherit;\">&nbsp;<\/span><\/p>\n<p><span style=\"font-style: inherit; font-weight: inherit;\">CORDOBA<\/span><\/p>\n<p><span style=\"font-style: inherit; font-weight: inherit;\">&#8211; CDP: Salerno Mar\u00eda Liliana<\/span><\/p>\n<p><span style=\"font-style: inherit; font-weight: inherit;\">&#8211; Rio IV: Avalos Walter Martin<\/span><\/p>\n<p><span style=\"font-style: inherit; font-weight: inherit;\">&#8211; Villa Mar\u00eda: Mercado Fernando Ariel<\/span><\/p>\n<p><span style=\"font-style: inherit; font-weight: inherit;\">&#8211; Rio III: Colman Cristian<\/span><\/p>\n<p><span style=\"font-style: inherit; font-weight: inherit;\">&nbsp;<\/span><\/p>\n<p><span style=\"font-style: inherit; font-weight: inherit;\">SANTA CRUZ<\/span><\/p>\n<p><span style=\"font-style: inherit; font-weight: inherit;\">&#8211; CDP: Garzon Alejandro<\/span><\/p>\n<p><span style=\"font-style: inherit; font-weight: inherit;\">&#8211; Pico Truncado: Curaqueo Alba Noemi<\/span><\/p>\n<p><span style=\"font-style: inherit; font-weight: inherit;\">&#8211; Caleta Olivia: Garzon Carlos Leonardo<\/span><\/p>\n<p><span style=\"font-style: inherit; font-weight: inherit;\">&#8211; Las Heras: Ampuero H\u00e9ctor Osvaldo<\/span><\/p>\n<p><span style=\"font-style: inherit; font-weight: inherit;\">&nbsp;<\/span><\/p>\n<p><span style=\"font-style: inherit; font-weight: inherit;\">JUJUY<\/span><\/p>\n<p><span style=\"font-style: inherit; font-weight: inherit;\">&#8211; El Carmen: Soruco Faustino Antonio<\/span><\/p>\n<p><img loading=\"lazy\" decoding=\"async\" class=\"aligncenter size-full wp-image-7496\" src=\"http:\/\/www.atecordoba.org\/wp-content\/uploads\/2016\/10\/8383_3490-e1477947458350.jpg\" alt=\"8383_3490\" width=\"550\" height=\"376\"><\/p>\n","protected":false},"excerpt":{"rendered":"<p>Antes de comenzar el Confederal, personas vinculadas a la agrupaci\u00f3n Verde y Blanca irrumpieron con violencia dejando un saldo de varios heridos. Desde ATE C\u00f3rdoba expresamos nuestro m\u00e1s en\u00e9rgico rechazo a la violenta agresi\u00f3n motorizada por un sector ligado a la conducci\u00f3n de ATE Capital y ATE Santa Fe. \u201cUn grupo de dirigentes convocados por [&hellip;]<\/p>\n","protected":false},"author":1,"featured_media":19220,"comment_status":"open","ping_status":"open","sticky":false,"template":"","format":"standard","meta":{"_exactmetrics_skip_tracking":false,"_exactmetrics_sitenote_active":false,"_exactmetrics_sitenote_note":"","_exactmetrics_sitenote_category":0,"jnews-multi-image_gallery":[],"jnews_single_post":[],"jnews_primary_category":[],"jnews_social_meta":[],"jnews_review":[],"enable_review":"","type":"","name":"","summary":"","brand":"","sku":"","good":[],"bad":[],"score_override":"","override_value":"","rating":[],"price":[],"jnews_override_counter":[],"jnews_post_split":[],"footnotes":""},"categories":[10],"tags":[],"class_list":["post-7492","post","type-post","status-publish","format-standard","has-post-thumbnail","hentry","category-accion-politica"],"jetpack_featured_media_url":"https:\/\/atecordoba.org\/wp-content\/uploads\/2020\/05\/logo-nuevochico-e1561581322808.png","_links":{"self":[{"href":"https:\/\/atecordoba.org\/index.php?rest_route=\/wp\/v2\/posts\/7492","targetHints":{"allow":["GET"]}}],"collection":[{"href":"https:\/\/atecordoba.org\/index.php?rest_route=\/wp\/v2\/posts"}],"about":[{"href":"https:\/\/atecordoba.org\/index.php?rest_route=\/wp\/v2\/types\/post"}],"author":[{"embeddable":true,"href":"https:\/\/atecordoba.org\/index.php?rest_route=\/wp\/v2\/users\/1"}],"replies":[{"embeddable":true,"href":"https:\/\/atecordoba.org\/index.php?rest_route=%2Fwp%2Fv2%2Fcomments&post=7492"}],"version-history":[{"count":0,"href":"https:\/\/atecordoba.org\/index.php?rest_route=\/wp\/v2\/posts\/7492\/revisions"}],"wp:featuredmedia":[{"embeddable":true,"href":"https:\/\/atecordoba.org\/index.php?rest_route=\/wp\/v2\/media\/19220"}],"wp:attachment":[{"href":"https:\/\/atecordoba.org\/index.php?rest_route=%2Fwp%2Fv2%2Fmedia&parent=7492"}],"wp:term":[{"taxonomy":"category","embeddable":true,"href":"https:\/\/atecordoba.org\/index.php?rest_route=%2Fwp%2Fv2%2Fcategories&post=7492"},{"taxonomy":"post_tag","embeddable":true,"href":"https:\/\/atecordoba.org\/index.php?rest_route=%2Fwp%2Fv2%2Ftags&post=7492"}],"curies":[{"name":"wp","href":"https:\/\/api.w.org\/{rel}","templated":true}]}}