{"id":7489,"date":"2016-10-31T15:25:07","date_gmt":"2016-10-31T18:25:07","guid":{"rendered":"http:\/\/www.atecordoba.org\/?p=7489"},"modified":"2016-10-31T15:25:07","modified_gmt":"2016-10-31T18:25:07","slug":"declaracion-del-confederal-de-ate","status":"publish","type":"post","link":"https:\/\/atecordoba.org\/?p=7489","title":{"rendered":"Declaraci\u00f3n del Confederal de ATE"},"content":{"rendered":"<p><span style=\"font-style: inherit; font-weight: inherit;\">Hoy los trabajadores enfrentamos junto al conjunto de los sectores populares una ofensiva feroz del capital contra el trabajo; ofensiva que se despliega no solo en nuestro pa\u00eds sino en toda la regi\u00f3n y el mundo.<\/span><\/p>\n<p><span style=\"font-style: inherit; font-weight: inherit;\">La globalizaci\u00f3n del capital financiero busca transformar los espacios geogr\u00e1ficos que conocemos en mercados, donde se produzcan y comercien mercanc\u00edas y servicios articulados a escala mundial, garantizando su tasa de ganancia sobre la base de una feroz explotaci\u00f3n de la fuerza de trabajo y convirtiendo a los Estados en meros administradores de esos territorios.<\/span><\/p>\n<p><img loading=\"lazy\" decoding=\"async\" class=\"aligncenter size-full wp-image-7482\" src=\"http:\/\/www.atecordoba.org\/wp-content\/uploads\/2016\/10\/8389_3501-e1477936348917.jpg\" alt=\"8389_3501\" width=\"550\" height=\"366\"><\/p>\n<p><span style=\"font-style: inherit; font-weight: inherit;\">La incorporaci\u00f3n a ese proceso impone la desarticulaci\u00f3n de las funciones que el Estado mantiene, no solo en la prestaci\u00f3n de servicios esenciales sino tambi\u00e9n en sus capacidades de regulaci\u00f3n, sobre los grupos m\u00e1s concentrados del poder econ\u00f3mico. Es as\u00ed que de la mano de Tratados y Alianzas de Libre Comercio se busca avanzar en la mercantilizaci\u00f3n de los servicios y en la transformaci\u00f3n del poder de intervenci\u00f3n estatal en un mero garante de la inmunidad del capital en ese proceso globalizador.<\/span><\/p>\n<p><span style=\"font-style: inherit; font-weight: inherit;\">La gesti\u00f3n gubernamental instalada en nuestro pa\u00eds a partir del 10 de Diciembre es una clara expresi\u00f3n de esta pol\u00edtica. En tal sentido no solo repiti\u00f3 recetas que ya eran conocidas, despidos, ajustes, tarifazos etc., sino que claramente y a trav\u00e9s de \u201cla tercera reforma del Estado\u201d se propone garantizar estructuralmente e institucionalmente la incorporaci\u00f3n&nbsp; este esquema. Gesti\u00f3n que por primera vez en nuestro pa\u00eds no instala representantes cooptados por los grupos de poder, sino que por el voto accede en primera persona a la presidencia. Demostrando al mismo tiempo con la incorporaci\u00f3n de los llamados CEOs, en su mayor\u00eda representantes de grupos financieros y trasnacionales su alineamiento.<\/span><\/p>\n<p><span style=\"font-style: inherit; font-weight: inherit;\">Los gobiernos \u201cprogresistas\u201d de los primeros 15 a\u00f1os de este siglo en Am\u00e9rica Latina fueron experiencias que, con distintas realidades y objetivos, poco avanzaron en la anulaci\u00f3n de los cambios estructurales impuestos en las d\u00e9cadas anteriores en&nbsp; manos de los gobiernos neoliberales.<\/span><\/p>\n<p><span style=\"font-style: inherit; font-weight: inherit;\">La derrota que los pueblos le impusieron al neoliberalismo con su lucha en las calles a finales del siglo pasado y a principio de \u00e9ste, cuya m\u00e1s alta expresi\u00f3n fue la ca\u00edda del ALCA (Tratado de Libre Comercio de las Am\u00e9ricas) impulsado por Estados Unidos, no fue aprovechada en todo su potencial. Los gobiernos del&nbsp; nuevo siglo poco avanzaron en las transformaciones necesarias para garantizar un proceso de cambio estructural y duradero. Del mismo modo, fueron t\u00edmidas las acciones de integraci\u00f3n, herramienta fundamental para pensar un proyecto emancipador de nuestra regi\u00f3n. Fue tambi\u00e9n el tiempo de un fuerte relato \u201cnacional y popular\u201d pero con escasas medidas de profundidad&nbsp; y de cambio.<\/span><\/p>\n<p><span style=\"font-style: inherit; font-weight: inherit;\">Creer que se puede construir, o que existe, un capitalismo \u201cde rostro humano\u201d fue el principal desacierto de los anteriores gobiernos, junto al hecho de no haber utilizado los resortes del Estado para empoderar a las organizaciones populares. Por el contrario,&nbsp; establecieron una nueva forma: clientelismo con discurso progresista.<\/span><\/p>\n<p><span style=\"font-style: inherit; font-weight: inherit;\">La incapacidad de esos gobiernos de tocar los intereses de los poderosos frente a una crisis de precios internacionales y la vuelta a las viejas recetas del ajuste, abrieron la puerta a una nueva etapa de gobiernos, ya no intermediarios, sino directos representantes de los intereses antipopulares y trasnacionales.<\/span><\/p>\n<p><img loading=\"lazy\" decoding=\"async\" class=\"aligncenter size-full wp-image-7483\" src=\"http:\/\/www.atecordoba.org\/wp-content\/uploads\/2016\/10\/8389_3502-e1477936428476.jpg\" alt=\"8389_3502\" width=\"550\" height=\"366\"><\/p>\n<p><span style=\"font-style: inherit; font-weight: inherit;\">La realizaci\u00f3n del Confederal de nuestra Organizaci\u00f3n nos pone frente a un doble desaf\u00edo: Como trabajadores y trabajadoras del Estado debemos enfrentar todas y cada una de las agresiones que el gobierno como patronal lleva adelante. Agresiones que no solo se transformaron en despidos y desmantelamientos de los lugares de trabajo sino que adem\u00e1s, para justificar el ajuste, representaron una campa\u00f1a de desvalorizaci\u00f3n de los trabajadores estatales al calificarlos de grasa militante y al caracterizar nuestro trabajo como innecesario.<\/span><\/p>\n<p><span style=\"font-style: inherit; font-weight: inherit;\">De la misma manera debemos enfrentar el reiterado intento del Gobierno por desarticular las capacidades de intervenci\u00f3n estatal para ponerlas al servicio de los grupos de poder y sus intereses, y as\u00ed convertirse solo en el garante del acceso a los servicios para aquellos que no puedan pagarlo. Para los dem\u00e1s, estar\u00e1 el mercado.<\/span><\/p>\n<p><span style=\"font-style: inherit; font-weight: inherit;\">Tal vez la mejor s\u00edntesis de estas pol\u00edticas sea el presupuesto que hoy propone el gobierno para el a\u00f1o entrante. Es un presupuesto que, en valores reales, disminuye el gasto social, propone un nuevo deterioro salarial, refirma un perfil tributario regresivo, prioriza el pago de la deuda y profundiza el ciclo de endeudamiento destinado a favorecer a los sectores m\u00e1s concentrados.<\/span><\/p>\n<p><span style=\"font-style: inherit; font-weight: inherit;\">Enfrentar esta nueva oleada de reformas nos pone frente a un nuevo y gran desaf\u00edo: \u201cReinventarnos para crecer por un Estado Democr\u00e1tico y Popular\u201d.<\/span><\/p>\n<p><span style=\"font-style: inherit; font-weight: inherit;\">Partimos de la base que reinventarnos no significa ni el olvido ni el abandono de nuestra historia ni nuestra construcci\u00f3n. Muy por el contrario, esa historia de lucha que caracteriza a nuestra ATE es la que nos permiti\u00f3, desde aquel 24 de Febrero y junto a otros sectores del campo popular, estar a la cabeza del enfrentamiento al gobierno macrista y sin necesidad de reclamarles a otros que convoquen a aquello que nosotros tenemos la obligaci\u00f3n de construir en la calle y en cada lugar de trabajo.<\/span><\/p>\n<p><span style=\"font-style: inherit; font-weight: inherit;\">Reinventarnos significa tambi\u00e9n comprender y sentir que la ATE que hoy tenemos no nos alcanza para esta pelea. Es importante que preparemos la casa para contener y representar a los miles de nuevos compa\u00f1eros y compa\u00f1eras que se han incorporado en los \u00faltimos a\u00f1os a nuestras filas y tambi\u00e9n a los miles, en su mayor\u00eda j\u00f3venes, que se sumar\u00e1n de los estados municipales, provinciales y nacionales.<\/span><\/p>\n<p><span style=\"font-style: inherit; font-weight: inherit;\">Por eso desde este Confederal reafirmamos nuestra f\u00e9rrea voluntad de crecer para llegar a los 400.000 afiliados en el pa\u00eds, a los 60.000 afiliados en el Estado Nacional, a las 300 seccionales, al voto directo y secreto de delegados\/as en cada lugar de trabajo y a elegir Juntas Internas en todos los sectores que superen los 100 afiliados\/as.<\/span><\/p>\n<p><span style=\"font-style: inherit; font-weight: inherit;\">Estos objetivos constituyen un crecimiento cuantitativo y nos obligan a dar un salto cualitativo en los niveles de formaci\u00f3n pol\u00edtica y protagonismo de nuestros afiliados\/as, indispensable para la pelea por la transformaci\u00f3n del Estado Democr\u00e1tico y Popular que queremos y necesitamos construir. Estamos convencidos que ese crecimiento se da en el marco de la pelea que a lo largo y a lo ancho de nuestro pa\u00eds y en cada lugar de trabajo llevamos cotidianamente.<\/span><\/p>\n<p><span style=\"font-style: inherit; font-weight: inherit;\">Por eso es que convocamos a una nueva&nbsp; jornada de paro y movilizaci\u00f3n el pr\u00f3ximo 10 de Noviembre,&nbsp; en unidad con otros sectores, en&nbsp; donde volveremos a reclamar:<\/span><\/p>\n<p><span style=\"font-style: inherit; font-weight: inherit;\">&#8211; Reapertura de Paritarias para una real recuperaci\u00f3n de nuestro salario.<\/span><\/p>\n<p><span style=\"font-style: inherit; font-weight: inherit;\">&#8211; Reincorporaci\u00f3n de los trabajadores y las trabajadoras despedidos y el cese de despidos.<\/span><\/p>\n<p><span style=\"font-style: inherit; font-weight: inherit;\">&#8211; Terminar con la precariedad laboral en el Estado.<\/span><\/p>\n<p><span style=\"font-style: inherit; font-weight: inherit;\">&#8211; El cese de los ajustes en las provincias.<\/span><\/p>\n<p><span style=\"font-style: inherit; font-weight: inherit;\">&#8211; El derecho de los Trabajadores municipales al Convenio colectivo de Trabajo, al derecho Salario M\u00ednimo Vital y M\u00f3vil y la igualaci\u00f3n en las Asignaciones Familiares.<\/span><\/p>\n<p><span style=\"font-style: inherit; font-weight: inherit;\">&#8211; Por el 82% para nuestros jubilados y jubiladas; para enfrentar el avance sobre las Cajas de Jubilaci\u00f3n provinciales y por la democratizaci\u00f3n de las Obras Sociales de los Estados Provinciales y Nacional.<\/span><\/p>\n<p><span style=\"font-style: inherit; font-weight: inherit;\">&#8211; Desprocesamiento de todos los luchadores populares y derogaci\u00f3n de la ley antiterrorista.<\/span><\/p>\n<p><span style=\"font-style: inherit; font-weight: inherit;\">Sabemos que la lucha contra estas pol\u00edticas globales nos lleva a avanzar en mayores grados de unidad y articulaci\u00f3n internacional, y en particular en nuestra Patria Grande Latinoamericana y Caribe\u00f1a. Por esa raz\u00f3n participaremos activamente de la Jornada Continental del pr\u00f3ximo 4 de Noviembre por la Democracia y contra las trasnacionales.<\/span><\/p>\n<p><span style=\"font-style: inherit; font-weight: inherit;\">La construcci\u00f3n de mayores grados de unidad nos coloca en el camino de construir intervenciones y articulaciones en com\u00fan con todos aquellos que est\u00e9n dispuestos a luchar en la calle y construir estrategias propias de los trabajadores y del campo popular.<\/span><\/p>\n<p><span style=\"font-style: inherit; font-weight: inherit;\">Mayor unidad nos exige tambi\u00e9n reafirmar los postulados fundacionales de nuestra CTA en la perspectiva de generar un nuevo modelo sindical basado en la autonom\u00eda de los trabajadores para construir un Movimiento Pol\u00edtico Social y Cultural de Liberaci\u00f3n junto a otros sectores de trabajadores organizados dispuestos a construir en la misma direcci\u00f3n liberadora.<\/span><\/p>\n<p><span style=\"font-style: inherit; font-weight: inherit;\">En este camino creemos mucho m\u00e1s en la unidad que se gesta al calor de la lucha codo a&nbsp; codo en la calle y en el debate franco de ideas, que en los agrupamientos de dirigentes, que en muchos casos sirven para garantizar la gobernabilidad dominante y los proyectos personales.<\/span><\/p>\n<p><span style=\"font-style: inherit; font-weight: inherit;\">Reinventarnos, en definitiva, implica consolidar nuestro gremio y unirlo en torno a un proyecto nacional de liberaci\u00f3n donde los trabajadores y el pueblo seamos art\u00edfices de nuestro destino. Implica tambi\u00e9n alcanzar un mayor nivel de descentralizaci\u00f3n del sindicato y democratizar al m\u00e1ximo el debate, las decisiones y la ejecuci\u00f3n de las pol\u00edticas nacionales.<\/span><\/p>\n<p><span style=\"font-style: inherit; font-weight: inherit;\">Debemos asumir la decisi\u00f3n consciente de hacer realidad esta pol\u00edtica en cada rinc\u00f3n de nuestro pa\u00eds donde laten cotidianamente la lucha, los sue\u00f1os y la esperanza de los trabajadores y trabajadoras estatales.<\/span><\/p>\n<p><span style=\"font-style: inherit; font-weight: inherit;\">Por un Estado democr\u00e1tico y popular.<\/span><\/p>\n<p><span style=\"font-style: inherit; font-weight: inherit;\"><b><strong style=\"font-style: inherit;\">Compa\u00f1eras y compa\u00f1eros presentes en el Confederal:<\/strong><\/b><\/span><\/p>\n<p><span style=\"font-style: inherit; font-weight: inherit;\">SALTA<\/span><\/p>\n<p><span style=\"font-style: inherit; font-weight: inherit;\">&#8211; CDP: Juan Francisco Arroyo<\/span><\/p>\n<p><span style=\"font-style: inherit; font-weight: inherit;\">&#8211; Oran: Nieba Germ\u00e1n<\/span><\/p>\n<p><span style=\"font-style: inherit; font-weight: inherit;\">&#8211; Metan: Figueroa Santos A.<\/span><\/p>\n<p><span style=\"font-style: inherit; font-weight: inherit;\">&#8211; Cafayate: Haviar Cristian Andr\u00e9s<\/span><\/p>\n<p><span style=\"font-style: inherit; font-weight: inherit;\">&nbsp;<\/span><\/p>\n<p><span style=\"font-style: inherit; font-weight: inherit;\">BUENOS AIRES<\/span><\/p>\n<p><span style=\"font-style: inherit; font-weight: inherit;\">&#8211; CDP: Oscar de Isasi<\/span><\/p>\n<p><span style=\"font-style: inherit; font-weight: inherit;\">&#8211; Centro de Bs As: Melian Maria Cristina<\/span><\/p>\n<p><span style=\"font-style: inherit; font-weight: inherit;\">&#8211; Bah\u00eda Blanca: Marfil Viviana<\/span><\/p>\n<p><span style=\"font-style: inherit; font-weight: inherit;\">&#8211; Ezeiza: Ravetti Jorge David<\/span><\/p>\n<p><span style=\"font-style: inherit; font-weight: inherit;\">&#8211; Ca\u00f1uelas\/Lobos: Graciela Perazzo<\/span><\/p>\n<p><span style=\"font-style: inherit; font-weight: inherit;\">&#8211; Hurlingam\/Ituzaingo: Alegre alejandrina<\/span><\/p>\n<p><span style=\"font-style: inherit; font-weight: inherit;\">&#8211; Tandil\/Benito Juarez: Cano Marcos Julio<\/span><\/p>\n<p><span style=\"font-style: inherit; font-weight: inherit;\">&#8211; Ensenada: Banegas Francisco Paul<\/span><\/p>\n<p><span style=\"font-style: inherit; font-weight: inherit;\">&#8211; A. Brown\/Presidente Per\u00f3n: Anzorena Juan Jos\u00e9<\/span><\/p>\n<p><span style=\"font-style: inherit; font-weight: inherit;\">&#8211; Gran Bs As Sur: Quercia Nora Claudia<\/span><\/p>\n<p><span style=\"font-style: inherit; font-weight: inherit;\">&#8211; Lan\u00fas: Pignataro Marcelo Dar\u00edo<\/span><\/p>\n<p><span style=\"font-style: inherit; font-weight: inherit;\">&#8211; Mar del Plata: Navarro Ezequiel Hern\u00e1n<\/span><\/p>\n<p><span style=\"font-style: inherit; font-weight: inherit;\">&#8211; Carmen de Patagones: Paleta Gustavo<\/span><\/p>\n<p><span style=\"font-style: inherit; font-weight: inherit;\">&#8211; Pilar: Radaelli Oscar<\/span><\/p>\n<p><span style=\"font-style: inherit; font-weight: inherit;\">&#8211; Punta Alta: Mendoza Ana Mar\u00eda]<\/span><\/p>\n<p><span style=\"font-style: inherit; font-weight: inherit;\">&#8211; Quilmes: Arevalo Claudio Daniel<\/span><\/p>\n<p><span style=\"font-style: inherit; font-weight: inherit;\">&#8211; Berisso: Murgia Juan Alberto<\/span><\/p>\n<p><span style=\"font-style: inherit; font-weight: inherit;\">&#8211; Tres de Febrero: Felpeto Claudia Viviana<\/span><\/p>\n<p><span style=\"font-style: inherit; font-weight: inherit;\">&#8211; San Martin: Peresan Enrique<\/span><\/p>\n<p><span style=\"font-style: inherit; font-weight: inherit;\">&#8211; Moreno: Cravero Walter<\/span><\/p>\n<p><span style=\"font-style: inherit; font-weight: inherit;\">&#8211; San Miguel: Acuya Gonzalo<\/span><\/p>\n<p><span style=\"font-style: inherit; font-weight: inherit;\">&#8211; Malvinas Argentinas: Quiroga Hector<\/span><\/p>\n<p><span style=\"font-style: inherit; font-weight: inherit;\">&#8211; Magdalena\/Punta Indio: Roblin Dabel Hernan<\/span><\/p>\n<p><span style=\"font-style: inherit; font-weight: inherit;\">&#8211; Zarate: Perez Fernando Daniel<\/span><\/p>\n<p><span style=\"font-style: inherit; font-weight: inherit;\">&#8211; Baradero: Mosi Miguel Angel<\/span><\/p>\n<p><span style=\"font-style: inherit; font-weight: inherit;\">&#8211; Ramallo\/Arrecife\/Salto: Lezcano Gabriel Adrian<\/span><\/p>\n<p><span style=\"font-style: inherit; font-weight: inherit;\">&#8211; Gran Bs As Noroeste: Devalle Ana Gladis<\/span><\/p>\n<p><span style=\"font-style: inherit; font-weight: inherit;\">&#8211; Mercedes: Bonafina Hugo<\/span><\/p>\n<p><span style=\"font-style: inherit; font-weight: inherit;\">&#8211; Junin: Miguenz Julio Daniel<\/span><\/p>\n<p><span style=\"font-style: inherit; font-weight: inherit;\">&#8211; Tigre: Charquero Miguel Alejandro<\/span><\/p>\n<p><span style=\"font-style: inherit; font-weight: inherit;\">&#8211; Bragado: Ugo Oscar<\/span><\/p>\n<p><span style=\"font-style: inherit; font-weight: inherit;\">&#8211; Zona Norte: Alessandrini Fabi\u00e1n Dar\u00edo<\/span><\/p>\n<p><span style=\"font-style: inherit; font-weight: inherit;\">&#8211; Municipalidad Urb. La Costa: Garrido Magdalena Beatriz<\/span><\/p>\n<p><span style=\"font-style: inherit; font-weight: inherit;\">&#8211; San Nicol\u00e1s: Bravo Mar\u00eda Eugenia<\/span><\/p>\n<p><span style=\"font-style: inherit; font-weight: inherit;\">&#8211; Chacabuco: Calarco Horacio Daniel<\/span><\/p>\n<p><span style=\"font-style: inherit; font-weight: inherit;\">&#8211; Florencio Varela: Olmedo Dar\u00edo<\/span><\/p>\n<p><span style=\"font-style: inherit; font-weight: inherit;\">&#8211; Berazategui: Acosta Carlos Antonio<\/span><\/p>\n<p><span style=\"font-style: inherit; font-weight: inherit;\">&#8211; San Andr\u00e9s de Giles\/Carmen de Areco: Monsalvo Stella Maris<\/span><\/p>\n<p><span style=\"font-style: inherit; font-weight: inherit;\">&#8211; Jos\u00e9 C Paz: Rivas Rosa Adelina<\/span><\/p>\n<p><span style=\"font-style: inherit; font-weight: inherit;\">&#8211; San Pedro: Gauna Gustavo<\/span><\/p>\n<p><span style=\"font-style: inherit; font-weight: inherit;\">&#8211; Villarino: Sosa M\u00f3nica Gladys<\/span><\/p>\n<p><span style=\"font-style: inherit; font-weight: inherit;\">&#8211; Necochea: Herrero Jorge Javier<\/span><\/p>\n<p><span style=\"font-style: inherit; font-weight: inherit;\">&#8211; Leandro N Alem: Bueno Lujan Christian<\/span><\/p>\n<p><span style=\"font-style: inherit; font-weight: inherit;\">&#8211; San Isidro: Escobar Horacio<\/span><\/p>\n<p><span style=\"font-style: inherit; font-weight: inherit;\">&#8211; Monte: Alvaro Jorge Luis<\/span><\/p>\n<p><span style=\"font-style: inherit; font-weight: inherit;\">&#8211; Brandsen\/Ranchos: L\u00f3pez Oscar Natalio<\/span><\/p>\n<p><span style=\"font-style: inherit; font-weight: inherit;\">&nbsp;<\/span><\/p>\n<p><span style=\"font-style: inherit; font-weight: inherit;\">SAN LUIS<\/span><\/p>\n<p><span style=\"font-style: inherit; font-weight: inherit;\">&#8211; CDP: Mu\u00f1oz Carmen Ofelia<\/span><\/p>\n<p><span style=\"font-style: inherit; font-weight: inherit;\">&#8211; Villa Mercedes: Quiroga Jos\u00e9 Antonio<\/span><\/p>\n<p><span style=\"font-style: inherit; font-weight: inherit;\">&nbsp;<\/span><\/p>\n<p><span style=\"font-style: inherit; font-weight: inherit;\">SANTIAGO DEL ESTERO<\/span><\/p>\n<p><span style=\"font-style: inherit; font-weight: inherit;\">&#8211; CDP: Ju\u00e1rez Elida del Valle<\/span><\/p>\n<p><span style=\"font-style: inherit; font-weight: inherit;\">&#8211; Fr\u00edas: Sequeira Humberto<\/span><\/p>\n<p><span style=\"font-style: inherit; font-weight: inherit;\">&#8211; Termas de R\u00edo Hondo: Saavedra Olga Marisa<\/span><\/p>\n<p><span style=\"font-style: inherit; font-weight: inherit;\">&#8211; A\u00f1atuya: Carabajal Miguel \u00c1ngel<\/span><\/p>\n<p><span style=\"font-style: inherit; font-weight: inherit;\">&nbsp;<\/span><\/p>\n<p><span style=\"font-style: inherit; font-weight: inherit;\">CHACO<\/span><\/p>\n<p><span style=\"font-style: inherit; font-weight: inherit;\">&#8211; CDP: Bustamante Mario Raimundo<\/span><\/p>\n<p><span style=\"font-style: inherit; font-weight: inherit;\">&nbsp;<\/span><\/p>\n<p><span style=\"font-style: inherit; font-weight: inherit;\">SAN JUAN<\/span><\/p>\n<p><span style=\"font-style: inherit; font-weight: inherit;\">&#8211; CDP: Carrizo Apolinario<\/span><\/p>\n<p><span style=\"font-style: inherit; font-weight: inherit;\">&#8211; Jachal: Luna Carlos<\/span><\/p>\n<p><span style=\"font-style: inherit; font-weight: inherit;\">&nbsp;<\/span><\/p>\n<p><span style=\"font-style: inherit; font-weight: inherit;\">CATAMARCA<\/span><\/p>\n<p><span style=\"font-style: inherit; font-weight: inherit;\">&#8211; CDP: Arevalo Angel<\/span><\/p>\n<p><span style=\"font-style: inherit; font-weight: inherit;\">&#8211; Santa Mar\u00eda: Fuensalida V\u00edctor Ram\u00f3n<\/span><\/p>\n<p><span style=\"font-style: inherit; font-weight: inherit;\">&#8211; Bel\u00e9n: Chaile Aldo Enrique<\/span><\/p>\n<p><span style=\"font-style: inherit; font-weight: inherit;\">&nbsp;<\/span><\/p>\n<p><span style=\"font-style: inherit; font-weight: inherit;\">LA PAMPA<\/span><\/p>\n<p><span style=\"font-style: inherit; font-weight: inherit;\">&#8211; CDP: Araujo Ricardo Manuel<\/span><\/p>\n<p><span style=\"font-style: inherit; font-weight: inherit;\">&#8211; 25 de Mayo: Sosa Rub\u00e9n<\/span><\/p>\n<p><span style=\"font-style: inherit; font-weight: inherit;\">&nbsp;<\/span><\/p>\n<p><span style=\"font-style: inherit; font-weight: inherit;\">MENDOZA<\/span><\/p>\n<p><span style=\"font-style: inherit; font-weight: inherit;\">&#8211; CDP: Macho Roberto Antonio<\/span><\/p>\n<p><span style=\"font-style: inherit; font-weight: inherit;\">&#8211; Malargue: Dominguez Portabella, Rub\u00e9n Anibal<\/span><\/p>\n<p><span style=\"font-style: inherit; font-weight: inherit;\">&#8211; San Rafael: Juri Enrique Isaac<\/span><\/p>\n<p><span style=\"font-style: inherit; font-weight: inherit;\">&#8211; General Alvear: Liywinczuc Acu\u00f1a Sandra Viviana<\/span><\/p>\n<p><span style=\"font-style: inherit; font-weight: inherit;\">&#8211; Tunuy\u00e1n: Rosana Estrella<\/span><\/p>\n<p><span style=\"font-style: inherit; font-weight: inherit;\">&#8211; San Carlos: Zotelo Ariel Ramon<\/span><\/p>\n<p><span style=\"font-style: inherit; font-weight: inherit;\">&#8211; San Martin: Dazat Juan Carlos<\/span><\/p>\n<p><span style=\"font-style: inherit; font-weight: inherit;\">&#8211; Lavalle: Mayorga Sergio Daniel<\/span><\/p>\n<p><span style=\"font-style: inherit; font-weight: inherit;\">&#8211; Lujan de Cuyo: Marzola Carlos Dante<\/span><\/p>\n<p><span style=\"font-style: inherit; font-weight: inherit;\">&nbsp;<\/span><\/p>\n<p><span style=\"font-style: inherit; font-weight: inherit;\">MISIONES<\/span><\/p>\n<p><span style=\"font-style: inherit; font-weight: inherit;\">&#8211; CDP: Fari\u00f1a Julio Cesar<\/span><\/p>\n<p><span style=\"font-style: inherit; font-weight: inherit;\">&#8211; Puerto Iguaz\u00fa: Loza Lucas Juan Manuel<\/span><\/p>\n<p><span style=\"font-style: inherit; font-weight: inherit;\">&#8211; El Dorado: Carballo Alejandro<\/span><\/p>\n<p><span style=\"font-style: inherit; font-weight: inherit;\">&#8211; Obera: V\u00edctor Paredes<\/span><\/p>\n<p><span style=\"font-style: inherit; font-weight: inherit;\">&#8211; San Vicente: Rosa Roni Pablo<\/span><\/p>\n<p><span style=\"font-style: inherit; font-weight: inherit;\">&#8211; Zona Sur: Alvez Ana Mar\u00eda<\/span><\/p>\n<p><span style=\"font-style: inherit; font-weight: inherit;\">&nbsp;<\/span><\/p>\n<p><span style=\"font-style: inherit; font-weight: inherit;\">FORMOSA<\/span><\/p>\n<p><span style=\"font-style: inherit; font-weight: inherit;\">&#8211; CDP: Vazquez Nestor<\/span><\/p>\n<p><span style=\"font-style: inherit; font-weight: inherit;\">&#8211; Ingeniero Juarez: Quintana Jorge Luis<\/span><\/p>\n<p><span style=\"font-style: inherit; font-weight: inherit;\">&#8211; Ibarreta: Mariani Sergio Raul<\/span><\/p>\n<p><span style=\"font-style: inherit; font-weight: inherit;\">&nbsp;<\/span><\/p>\n<p><span style=\"font-style: inherit; font-weight: inherit;\">NEUQU\u00c9N<\/span><\/p>\n<p><span style=\"font-style: inherit; font-weight: inherit;\">&#8211; Cutral C\u00f3: Valenzuela Sergio<\/span><\/p>\n<p><span style=\"font-style: inherit; font-weight: inherit;\">&#8211; Chos Malal: Maldonado Santiago<\/span><\/p>\n<p><span style=\"font-style: inherit; font-weight: inherit;\">&nbsp;<\/span><\/p>\n<p><span style=\"font-style: inherit; font-weight: inherit;\">RIO NEGRO<\/span><\/p>\n<p><span style=\"font-style: inherit; font-weight: inherit;\">&#8211; CDP: Rodolfo Aguiar<\/span><\/p>\n<p><span style=\"font-style: inherit; font-weight: inherit;\">&#8211; Alto Valle Este: Gabarra Federico<\/span><\/p>\n<p><span style=\"font-style: inherit; font-weight: inherit;\">&#8211; Alto Valle Oeste: N\u00fa\u00f1ez Jorge<\/span><\/p>\n<p><span style=\"font-style: inherit; font-weight: inherit;\">&#8211; Zona Norte: Fern\u00e1ndez Dora Noem\u00ed<\/span><\/p>\n<p><span style=\"font-style: inherit; font-weight: inherit;\">&nbsp;<\/span><\/p>\n<p><span style=\"font-style: inherit; font-weight: inherit;\">SANTA FE<\/span><\/p>\n<p><span style=\"font-style: inherit; font-weight: inherit;\">-Rosario: Daz Ra\u00fal Orlando<\/span><\/p>\n<p><span style=\"font-style: inherit; font-weight: inherit;\">&nbsp;<\/span><\/p>\n<p><span style=\"font-style: inherit; font-weight: inherit;\">TUCUMAN<\/span><\/p>\n<p><span style=\"font-style: inherit; font-weight: inherit;\">&#8211; CDP: Marcelo S\u00e1nchez<\/span><\/p>\n<p><span style=\"font-style: inherit; font-weight: inherit;\">&#8211; Bella Vista: Ocaranza Mario<\/span><\/p>\n<p><span style=\"font-style: inherit; font-weight: inherit;\">&#8211; Sur: Gozalez Ra\u00fal<\/span><\/p>\n<p><span style=\"font-style: inherit; font-weight: inherit;\">&#8211; Oeste: Godoy Eugenia Celina<\/span><\/p>\n<p><span style=\"font-style: inherit; font-weight: inherit;\">&#8211; Este: Mangarella Marcos<\/span><\/p>\n<p><span style=\"font-style: inherit; font-weight: inherit;\">&#8211; Alberdi: Salvatierra, C\u00e9sar (invitado)<\/span><\/p>\n<p><span style=\"font-style: inherit; font-weight: inherit;\">&nbsp;<\/span><\/p>\n<p><span style=\"font-style: inherit; font-weight: inherit;\">CHUBUT<\/span><\/p>\n<p><span style=\"font-style: inherit; font-weight: inherit;\">&#8211; Esquel: Bernabe Guillermo<\/span><\/p>\n<p><span style=\"font-style: inherit; font-weight: inherit;\">&#8211; Puerto Madryn: Cabeda Roberto<\/span><\/p>\n<p><span style=\"font-style: inherit; font-weight: inherit;\">&#8211; Comarca: Gallardo Angelica Soledad<\/span><\/p>\n<p><span style=\"font-style: inherit; font-weight: inherit;\">&#8211; Sarmiento: Curapil Felix<\/span><\/p>\n<p><span style=\"font-style: inherit; font-weight: inherit;\">&#8211; Trelew: Severiche Jose Filiberto<\/span><\/p>\n<p><span style=\"font-style: inherit; font-weight: inherit;\">&nbsp;<\/span><\/p>\n<p><span style=\"font-style: inherit; font-weight: inherit;\">TIERRA DEL FUEGO<\/span><\/p>\n<p><span style=\"font-style: inherit; font-weight: inherit;\">&#8211; CDP: C\u00f3rdoba Carlos<\/span><\/p>\n<p><span style=\"font-style: inherit; font-weight: inherit;\">&#8211; Rio Grande: C\u00f3rdoba Jos\u00e9 Marcelo<\/span><\/p>\n<p><span style=\"font-style: inherit; font-weight: inherit;\">&#8211; Tolhuin: Garrighan Vicente<\/span><\/p>\n<p><span style=\"font-style: inherit; font-weight: inherit;\">&nbsp;<\/span><\/p>\n<p><span style=\"font-style: inherit; font-weight: inherit;\">CORRIENTES<\/span><\/p>\n<p><span style=\"font-style: inherit; font-weight: inherit;\">&#8211; Mercedes: G\u00f3mez N\u00e9stor<\/span><\/p>\n<p><span style=\"font-style: inherit; font-weight: inherit;\">&nbsp;<\/span><\/p>\n<p><span style=\"font-style: inherit; font-weight: inherit;\">CORDOBA<\/span><\/p>\n<p><span style=\"font-style: inherit; font-weight: inherit;\">&#8211; CDP: Salerno Mar\u00eda Liliana<\/span><\/p>\n<p><span style=\"font-style: inherit; font-weight: inherit;\">&#8211; Rio IV: Avalos Walter Martin<\/span><\/p>\n<p><span style=\"font-style: inherit; font-weight: inherit;\">&#8211; Villa Mar\u00eda: Mercado Fernando Ariel<\/span><\/p>\n<p><span style=\"font-style: inherit; font-weight: inherit;\">&#8211; Rio III: Colman Cristian<\/span><\/p>\n<p><span style=\"font-style: inherit; font-weight: inherit;\">&nbsp;<\/span><\/p>\n<p><span style=\"font-style: inherit; font-weight: inherit;\">SANTA CRUZ<\/span><\/p>\n<p><span style=\"font-style: inherit; font-weight: inherit;\">&#8211; CDP: Garzon Alejandro<\/span><\/p>\n<p><span style=\"font-style: inherit; font-weight: inherit;\">&#8211; Pico Truncado: Curaqueo Alba Noemi<\/span><\/p>\n<p><span style=\"font-style: inherit; font-weight: inherit;\">&#8211; Caleta Olivia: Garzon Carlos Leonardo<\/span><\/p>\n<p><span style=\"font-style: inherit; font-weight: inherit;\">&#8211; Las Heras: Ampuero H\u00e9ctor Osvaldo<\/span><\/p>\n<p>&nbsp;<\/p>\n<p><span style=\"font-style: inherit; font-weight: inherit;\">&nbsp;<\/span><span style=\"font-style: inherit; font-weight: inherit;\">JUJUY<\/span><\/p>\n<p><span style=\"font-style: inherit; font-weight: inherit;\">&#8211; El Carmen: Soruco Faustino Antonio<\/span><\/p>\n","protected":false},"excerpt":{"rendered":"<p>Hoy los trabajadores enfrentamos junto al conjunto de los sectores populares una ofensiva feroz del capital contra el trabajo; ofensiva que se despliega no solo en nuestro pa\u00eds sino en toda la regi\u00f3n y el mundo. La globalizaci\u00f3n del capital financiero busca transformar los espacios geogr\u00e1ficos que conocemos en mercados, donde se produzcan y comercien [&hellip;]<\/p>\n","protected":false},"author":1,"featured_media":19220,"comment_status":"open","ping_status":"open","sticky":false,"template":"","format":"standard","meta":{"_exactmetrics_skip_tracking":false,"_exactmetrics_sitenote_active":false,"_exactmetrics_sitenote_note":"","_exactmetrics_sitenote_category":0,"jnews-multi-image_gallery":[],"jnews_single_post":[],"jnews_primary_category":[],"jnews_social_meta":[],"jnews_review":[],"enable_review":"","type":"","name":"","summary":"","brand":"","sku":"","good":[],"bad":[],"score_override":"","override_value":"","rating":[],"price":[],"jnews_override_counter":[],"jnews_post_split":[],"footnotes":""},"categories":[10],"tags":[],"class_list":["post-7489","post","type-post","status-publish","format-standard","has-post-thumbnail","hentry","category-accion-politica"],"jetpack_featured_media_url":"https:\/\/atecordoba.org\/wp-content\/uploads\/2020\/05\/logo-nuevochico-e1561581322808.png","_links":{"self":[{"href":"https:\/\/atecordoba.org\/index.php?rest_route=\/wp\/v2\/posts\/7489","targetHints":{"allow":["GET"]}}],"collection":[{"href":"https:\/\/atecordoba.org\/index.php?rest_route=\/wp\/v2\/posts"}],"about":[{"href":"https:\/\/atecordoba.org\/index.php?rest_route=\/wp\/v2\/types\/post"}],"author":[{"embeddable":true,"href":"https:\/\/atecordoba.org\/index.php?rest_route=\/wp\/v2\/users\/1"}],"replies":[{"embeddable":true,"href":"https:\/\/atecordoba.org\/index.php?rest_route=%2Fwp%2Fv2%2Fcomments&post=7489"}],"version-history":[{"count":0,"href":"https:\/\/atecordoba.org\/index.php?rest_route=\/wp\/v2\/posts\/7489\/revisions"}],"wp:featuredmedia":[{"embeddable":true,"href":"https:\/\/atecordoba.org\/index.php?rest_route=\/wp\/v2\/media\/19220"}],"wp:attachment":[{"href":"https:\/\/atecordoba.org\/index.php?rest_route=%2Fwp%2Fv2%2Fmedia&parent=7489"}],"wp:term":[{"taxonomy":"category","embeddable":true,"href":"https:\/\/atecordoba.org\/index.php?rest_route=%2Fwp%2Fv2%2Fcategories&post=7489"},{"taxonomy":"post_tag","embeddable":true,"href":"https:\/\/atecordoba.org\/index.php?rest_route=%2Fwp%2Fv2%2Ftags&post=7489"}],"curies":[{"name":"wp","href":"https:\/\/api.w.org\/{rel}","templated":true}]}}