{"id":7481,"date":"2016-10-31T15:01:04","date_gmt":"2016-10-31T18:01:04","guid":{"rendered":"http:\/\/www.atecordoba.org\/?p=7481"},"modified":"2016-10-31T15:01:04","modified_gmt":"2016-10-31T18:01:04","slug":"10-de-noviembre-paro-nacional-de-ate","status":"publish","type":"post","link":"https:\/\/atecordoba.org\/?p=7481","title":{"rendered":"10 de noviembre: Paro nacional de ATE"},"content":{"rendered":"<p><em>Lo vot\u00f3 el Consejo Federal Ordinario, tras la aprobaci\u00f3n de su documento pol\u00edtico. El plan de lucha incluye otras cuatro medidas de fuerza.<\/em><\/p>\n<p><span style=\"font-style: inherit; font-weight: inherit;\">La instancia org\u00e1nica del sindicato reunida ayer y hoy en Buenos Aires aprob\u00f3 por unanimidad un plan de lucha que incluye un paro nacional para el pr\u00f3ximo 10 de noviembre por reapertura de paritarias, reincorporaci\u00f3n de los miles de despedidos, el fin de la precariedad laboral que pone en riesgo a fin de a\u00f1o la estabilidad de 600 mil trabajadores, 82% m\u00f3vil para jubilados y contra la reforma previsional regresiva.<\/span><\/p>\n<p><img loading=\"lazy\" decoding=\"async\" class=\"aligncenter size-full wp-image-7484\" src=\"http:\/\/www.atecordoba.org\/wp-content\/uploads\/2016\/10\/8389_3503-e1477936442281.jpg\" alt=\"8389_3503\" width=\"550\" height=\"366\"><\/p>\n<p><span style=\"font-style: inherit; font-weight: inherit;\">Asimismo, los m\u00e1s de cien acreditados ratificaron la participaci\u00f3n de ATE en la Jornada Continental por la Democracia y Contra el Neoliberalismo, impulsada en la Argentina por la CTA Aut\u00f3noma con un acto en la ciudad de Mar del Plata. La actividad prevista para el 4 de noviembre ser\u00e1 protagonizada por centrales sindicales, partidos pol\u00edticos y movimientos sociales.<\/span><\/p>\n<p><span style=\"font-style: inherit; font-weight: inherit;\">Ese mismo d\u00eda, tambi\u00e9n, la Federaci\u00f3n Nacional Campesina, el Movimiento Campesino de Santiago del Estero, Barrios de Pie, CCC y CTEP impulsar\u00e1n en Plaza de Mayo la defensa de las econom\u00edas regionales, que ser\u00e1 acompa\u00f1ada por ATE de acuerdo a la voluntad del Confederal.<\/span><\/p>\n<p><span style=\"font-style: inherit; font-weight: inherit;\">A su vez, el plenario vot\u00f3 la participaci\u00f3n de ATE en el Encuentro Nacional en Defensa de los Derechos a la Ni\u00f1ez y Adolescencia en Rosario durante el 11 y 12 de noviembre. El 25 en tanto, en el marco del D\u00eda Internacional de la Eliminaci\u00f3n de la Violencia contra la Mujer, ATE confirm\u00f3 la realizaci\u00f3n de manifestaciones bajo el lema Ni Una Menos, Vivas Nos Queremos.<\/span><\/p>\n<p><span style=\"font-style: inherit; font-weight: inherit;\">El primero de diciembre, por \u00faltimo, el sindicato realizar\u00e1 un paro en los m\u00e1s de 800 municipios argentinos donde tiene representaci\u00f3n. La medida de fuerza fue resuelta por mandato de los plenarios regionales de delegados de ATE en municipalidades.<\/span><\/p>\n<p><span style=\"font-style: inherit; font-weight: inherit;\">Este plan de lucha surgi\u00f3 tras la aprobaci\u00f3n por mayor\u00eda la declaraci\u00f3n pol\u00edtica analizada en comisiones y que reproducimos a continuaci\u00f3n.<\/span><\/p>\n<div class=\"epyt-video-wrapper\"><iframe loading=\"lazy\"  style=\"display: block; margin: 0px auto;\"  id=\"_ytid_74752\"  width=\"480\" height=\"270\"  data-origwidth=\"480\" data-origheight=\"270\" src=\"https:\/\/www.youtube.com\/embed\/-hUxQvgTHoQ?enablejsapi=1&#038;list=PLjTMEbB2WEPDtCKIkxsAstPAtTmIZWie6&#038;autoplay=0&#038;cc_load_policy=0&#038;cc_lang_pref=&#038;iv_load_policy=3&#038;loop=0&#038;rel=0&#038;fs=1&#038;playsinline=0&#038;autohide=2&#038;theme=dark&#038;color=red&#038;controls=1&#038;disablekb=0&#038;\" class=\"__youtube_prefs__  epyt-is-override  no-lazyload\" title=\"YouTube player\"  allow=\"fullscreen; accelerometer; autoplay; clipboard-write; encrypted-media; gyroscope; picture-in-picture; web-share\" referrerpolicy=\"strict-origin-when-cross-origin\" allowfullscreen data-no-lazy=\"1\" data-skipgform_ajax_framebjll=\"\"><\/iframe><\/div>\n<p>&nbsp;<\/p>\n<p>&nbsp;<\/p>\n","protected":false},"excerpt":{"rendered":"<p>Lo vot\u00f3 el Consejo Federal Ordinario, tras la aprobaci\u00f3n de su documento pol\u00edtico. El plan de lucha incluye otras cuatro medidas de fuerza. La instancia org\u00e1nica del sindicato reunida ayer y hoy en Buenos Aires aprob\u00f3 por unanimidad un plan de lucha que incluye un paro nacional para el pr\u00f3ximo 10 de noviembre por reapertura [&hellip;]<\/p>\n","protected":false},"author":1,"featured_media":19220,"comment_status":"open","ping_status":"open","sticky":false,"template":"","format":"standard","meta":{"_exactmetrics_skip_tracking":false,"_exactmetrics_sitenote_active":false,"_exactmetrics_sitenote_note":"","_exactmetrics_sitenote_category":0,"jnews-multi-image_gallery":[],"jnews_single_post":[],"jnews_primary_category":[],"jnews_social_meta":[],"jnews_review":[],"enable_review":"","type":"","name":"","summary":"","brand":"","sku":"","good":[],"bad":[],"score_override":"","override_value":"","rating":[],"price":[],"jnews_override_counter":[],"jnews_post_split":[],"footnotes":""},"categories":[21],"tags":[],"class_list":["post-7481","post","type-post","status-publish","format-standard","has-post-thumbnail","hentry","category-paro-nacional"],"jetpack_featured_media_url":"https:\/\/atecordoba.org\/wp-content\/uploads\/2020\/05\/logo-nuevochico-e1561581322808.png","_links":{"self":[{"href":"https:\/\/atecordoba.org\/index.php?rest_route=\/wp\/v2\/posts\/7481","targetHints":{"allow":["GET"]}}],"collection":[{"href":"https:\/\/atecordoba.org\/index.php?rest_route=\/wp\/v2\/posts"}],"about":[{"href":"https:\/\/atecordoba.org\/index.php?rest_route=\/wp\/v2\/types\/post"}],"author":[{"embeddable":true,"href":"https:\/\/atecordoba.org\/index.php?rest_route=\/wp\/v2\/users\/1"}],"replies":[{"embeddable":true,"href":"https:\/\/atecordoba.org\/index.php?rest_route=%2Fwp%2Fv2%2Fcomments&post=7481"}],"version-history":[{"count":0,"href":"https:\/\/atecordoba.org\/index.php?rest_route=\/wp\/v2\/posts\/7481\/revisions"}],"wp:featuredmedia":[{"embeddable":true,"href":"https:\/\/atecordoba.org\/index.php?rest_route=\/wp\/v2\/media\/19220"}],"wp:attachment":[{"href":"https:\/\/atecordoba.org\/index.php?rest_route=%2Fwp%2Fv2%2Fmedia&parent=7481"}],"wp:term":[{"taxonomy":"category","embeddable":true,"href":"https:\/\/atecordoba.org\/index.php?rest_route=%2Fwp%2Fv2%2Fcategories&post=7481"},{"taxonomy":"post_tag","embeddable":true,"href":"https:\/\/atecordoba.org\/index.php?rest_route=%2Fwp%2Fv2%2Ftags&post=7481"}],"curies":[{"name":"wp","href":"https:\/\/api.w.org\/{rel}","templated":true}]}}