{"id":7475,"date":"2016-10-26T18:43:56","date_gmt":"2016-10-26T21:43:56","guid":{"rendered":"http:\/\/www.atecordoba.org\/?p=7475"},"modified":"2016-10-26T18:43:56","modified_gmt":"2016-10-26T21:43:56","slug":"se-realizo-el-plenario-de-trabajadores-municipales-de-la-region-centro","status":"publish","type":"post","link":"https:\/\/atecordoba.org\/?p=7475","title":{"rendered":"Se realiz\u00f3 el Plenario de Trabajadores Municipales de la Regi\u00f3n Centro"},"content":{"rendered":"<p><em>Tal como dispuso el Consejo Directivo Nacional se llev\u00f3 adelante el encuentro que permiti\u00f3 a los trabajadores municipales discutir distintas problem\u00e1ticas comunes a los compa\u00f1eros del sector. Fue en la sede gremial de ATE Entre R\u00edos, en la ciudad de Paran\u00e1.<img loading=\"lazy\" decoding=\"async\" class=\"aligncenter size-full wp-image-7476\" src=\"http:\/\/www.atecordoba.org\/wp-content\/uploads\/2016\/10\/WhatsApp-Image-2016-10-25-at-12.41.49-e1477518177268.jpeg\" alt=\"whatsapp-image-2016-10-25-at-12-41-49\" width=\"550\" height=\"309\" \/><\/em><\/p>\n<p>Desde ATE C\u00f3rdoba, a trav\u00e9s de la Secretar\u00eda del Interior y con apoyo del Consejo Directivo Provincial, concurrieron los siguientes municipios: San Marcos Sierras, San Carlos Minas, San Francisco, Salsacate, Capilla del Monte, Cruz del Eje, Quilino, Comuna Los Talares y Unquillo. Acompa\u00f1aron a esta delegaci\u00f3n el municipio de Bell Ville, dependiente de la Seccional Villa Mar\u00eda, y el municipio de San Agust\u00edn, dependiente de la Seccional R\u00edo Tercero.<\/p>\n<p>Se debatieron distintas problem\u00e1ticas del sector. En primer lugar, se debati\u00f3 la problem\u00e1tica de los bajos salarios del sector y se solicit\u00f3 el aval al proyecto de la ley del salario m\u00ednimo vital y m\u00f3vil para todos los municipales. Por otro lado, se debati\u00f3 el tema de las asignaciones familiares ya que en varios municipios de la regi\u00f3n no son respetados los valores asignados por el ANSES, por lo tanto se solicita que sean contempladas tal cual son enviadas por ese organismo. Por \u00faltimo, luego de un debate se lleg\u00f3 a la conclusi\u00f3n de que todos los municipios deber\u00edan adecuarse a las legislaciones vigentes para dejar atr\u00e1s la vieja costumbre de ordenanzas estatuto de empleados municipales y adaptar los mismos a los convenios colectivos de trabajo. Esto puede hacerse en forma regional, provincial o como se considere mejor para darle cumplimiento.<\/p>\n<p><img loading=\"lazy\" decoding=\"async\" class=\"aligncenter size-full wp-image-7477\" src=\"http:\/\/www.atecordoba.org\/wp-content\/uploads\/2016\/10\/WhatsApp-Image-2016-10-25-at-16.18.24-e1477518187860.jpeg\" alt=\"whatsapp-image-2016-10-25-at-16-18-24\" width=\"550\" height=\"310\" \/><\/p>\n<p>En el encuentro se cristaliz\u00f3 la adhesi\u00f3n a la consigna #NiUnaMenos y se pusieron en discusi\u00f3n las problem\u00e1ticas que sufren las compa\u00f1eras mujeres de todos los sectores y se adhiere a la consigna del #NiUnaMenos. Desde la provincia de Santa Fe propusieron impulsar una ley a nivel nacional para contemplar ausencias de compa\u00f1eras que sufran violencia de g\u00e9nero. Hoy ese ausentismo se computa como falta por \u201crazones particulares\u201d.<\/p>\n<p>Finalmente y ante la precariedad laboral que sufre el sector, el abuso de autoridad de parte de los intendentes de turno y el bajo nivel salarial se resolvi\u00f3 comunicar al Consejo Directivo Nacional la ratificaci\u00f3n de la fecha del paro nacional de municipales de ATE para el 1\u00ba de diciembre.<\/p>\n<p><img loading=\"lazy\" decoding=\"async\" class=\"aligncenter size-full wp-image-7478\" src=\"http:\/\/www.atecordoba.org\/wp-content\/uploads\/2016\/10\/WhatsApp-Image-2016-10-25-at-16.18.26-1-e1477518195193.jpeg\" alt=\"whatsapp-image-2016-10-25-at-16-18-26-1\" width=\"550\" height=\"310\" \/><\/p>\n","protected":false},"excerpt":{"rendered":"<p>Tal como dispuso el Consejo Directivo Nacional se llev\u00f3 adelante el encuentro que permiti\u00f3 a los trabajadores municipales discutir distintas problem\u00e1ticas comunes a los compa\u00f1eros del sector. Fue en la sede gremial de ATE Entre R\u00edos, en la ciudad de Paran\u00e1. Desde ATE C\u00f3rdoba, a trav\u00e9s de la Secretar\u00eda del Interior y con apoyo del [&hellip;]<\/p>\n","protected":false},"author":1,"featured_media":19220,"comment_status":"open","ping_status":"open","sticky":false,"template":"","format":"standard","meta":{"_exactmetrics_skip_tracking":false,"_exactmetrics_sitenote_active":false,"_exactmetrics_sitenote_note":"","_exactmetrics_sitenote_category":0,"jnews-multi-image_gallery":[],"jnews_single_post":[],"jnews_primary_category":[],"jnews_social_meta":[],"jnews_review":[],"enable_review":"","type":"","name":"","summary":"","brand":"","sku":"","good":[],"bad":[],"score_override":"","override_value":"","rating":[],"price":[],"jnews_override_counter":[],"jnews_post_split":[],"footnotes":""},"categories":[20],"tags":[],"class_list":["post-7475","post","type-post","status-publish","format-standard","has-post-thumbnail","hentry","category-municipales"],"jetpack_featured_media_url":"https:\/\/atecordoba.org\/wp-content\/uploads\/2020\/05\/logo-nuevochico-e1561581322808.png","_links":{"self":[{"href":"https:\/\/atecordoba.org\/index.php?rest_route=\/wp\/v2\/posts\/7475","targetHints":{"allow":["GET"]}}],"collection":[{"href":"https:\/\/atecordoba.org\/index.php?rest_route=\/wp\/v2\/posts"}],"about":[{"href":"https:\/\/atecordoba.org\/index.php?rest_route=\/wp\/v2\/types\/post"}],"author":[{"embeddable":true,"href":"https:\/\/atecordoba.org\/index.php?rest_route=\/wp\/v2\/users\/1"}],"replies":[{"embeddable":true,"href":"https:\/\/atecordoba.org\/index.php?rest_route=%2Fwp%2Fv2%2Fcomments&post=7475"}],"version-history":[{"count":0,"href":"https:\/\/atecordoba.org\/index.php?rest_route=\/wp\/v2\/posts\/7475\/revisions"}],"wp:featuredmedia":[{"embeddable":true,"href":"https:\/\/atecordoba.org\/index.php?rest_route=\/wp\/v2\/media\/19220"}],"wp:attachment":[{"href":"https:\/\/atecordoba.org\/index.php?rest_route=%2Fwp%2Fv2%2Fmedia&parent=7475"}],"wp:term":[{"taxonomy":"category","embeddable":true,"href":"https:\/\/atecordoba.org\/index.php?rest_route=%2Fwp%2Fv2%2Fcategories&post=7475"},{"taxonomy":"post_tag","embeddable":true,"href":"https:\/\/atecordoba.org\/index.php?rest_route=%2Fwp%2Fv2%2Ftags&post=7475"}],"curies":[{"name":"wp","href":"https:\/\/api.w.org\/{rel}","templated":true}]}}