{"id":7471,"date":"2016-10-26T17:39:14","date_gmt":"2016-10-26T20:39:14","guid":{"rendered":"http:\/\/www.atecordoba.org\/?p=7471"},"modified":"2016-10-26T17:39:14","modified_gmt":"2016-10-26T20:39:14","slug":"con-mas-de-cien-acreditados-arranco-el-confederal-de-ate-2016","status":"publish","type":"post","link":"https:\/\/atecordoba.org\/?p=7471","title":{"rendered":"Con m\u00e1s de cien acreditados, arranc\u00f3 el Confederal de ATE 2016"},"content":{"rendered":"<p class=\"copete\"><em>La instancia org\u00e1nica del sindicato se realiza en el anfiteatro Eva Per\u00f3n. Por unanimidad, sesiona bajo el nombre de Jorge Acedo y Miguel Peirano.<\/em><\/p>\n<p class=\"copete\"><img loading=\"lazy\" decoding=\"async\" class=\"aligncenter size-full wp-image-7473\" src=\"http:\/\/www.atecordoba.org\/wp-content\/uploads\/2016\/10\/Confederal-2-e1477514290559.jpg\" alt=\"confederal-2\" width=\"550\" height=\"366\" \/><\/p>\n<div class=\"sliderkit photoslider-1click sombra\">Desde el mediod\u00eda de hoy sesiona en la sede nacional de ATE el Consejo Federal Ordinario 2016, que re\u00fane a miembros de la conducci\u00f3n nacional, secretarios generales de consejos directivos provinciales, seccionales, integrantes de juntas internas porte\u00f1as con m\u00e1s de 250 afiliados e invitados.<\/div>\n<p><span style=\"font-style: inherit; font-weight: inherit;\">La comisi\u00f3n de poderes compuesta por Liliana Salerno de C\u00f3rdoba, Federico Gabarra de R\u00edo Negro y Fernando P\u00e9rez de provincia de Buenos Aires, elegidos por unanimidad, inform\u00f3 la presencia de 105 acreditados sobre un total habilitado de 156. De esta manera, se garantiz\u00f3 el qu\u00f3rum necesario. \u00a0<\/span><\/p>\n<p><span style=\"font-style: inherit; font-weight: inherit;\">El Secretario General de ATE, Hugo Godoy, mocion\u00f3 que el Confederal sesione bajo el nombre de los hist\u00f3ricos dirigentes reci\u00e9n fallecidos Jorge Acedo y Miguel Peirano, lo que fue avalado por todos, con v\u00edtores y un aplauso cerrado.<\/span><\/p>\n<p><img loading=\"lazy\" decoding=\"async\" class=\"aligncenter size-full wp-image-7472\" src=\"http:\/\/www.atecordoba.org\/wp-content\/uploads\/2016\/10\/Confederal-1-e1477514301493.jpg\" alt=\"confederal-1\" width=\"550\" height=\"329\" \/><\/p>\n<p><span style=\"font-style: inherit; font-weight: inherit;\">En su memoria, el Secretario General de ATE Rosario, Ra\u00fal Daz, los record\u00f3 como \u201cfieles defensores de los trabajadores y su autonom\u00eda\u201d. Respecto a su legado, areng\u00f3 \u201ca recuperar el Estado a favor de las mayor\u00edas\u201d. \u00a0<\/span><\/p>\n<p><span style=\"font-style: inherit; font-weight: inherit;\">Tambi\u00e9n por el voto un\u00e1nime de los participantes quedaron constituidas las autoridades del Consejo Federal Ordinario. Lo preside Hugo Godoy, acompa\u00f1ado de Marcelo S\u00e1nchez de Tucum\u00e1n, Sandra Litwinczuk de Mendoza, Mar\u00eda Alvez de Misiones y Carlos Garz\u00f3n de Santa Cruz.<\/span><\/p>\n","protected":false},"excerpt":{"rendered":"<p>La instancia org\u00e1nica del sindicato se realiza en el anfiteatro Eva Per\u00f3n. Por unanimidad, sesiona bajo el nombre de Jorge Acedo y Miguel Peirano. Desde el mediod\u00eda de hoy sesiona en la sede nacional de ATE el Consejo Federal Ordinario 2016, que re\u00fane a miembros de la conducci\u00f3n nacional, secretarios generales de consejos directivos provinciales, [&hellip;]<\/p>\n","protected":false},"author":1,"featured_media":19220,"comment_status":"open","ping_status":"open","sticky":false,"template":"","format":"standard","meta":{"_exactmetrics_skip_tracking":false,"_exactmetrics_sitenote_active":false,"_exactmetrics_sitenote_note":"","_exactmetrics_sitenote_category":0,"jnews-multi-image_gallery":[],"jnews_single_post":[],"jnews_primary_category":[],"jnews_social_meta":[],"jnews_review":[],"enable_review":"","type":"","name":"","summary":"","brand":"","sku":"","good":[],"bad":[],"score_override":"","override_value":"","rating":[],"price":[],"jnews_override_counter":[],"jnews_post_split":[],"footnotes":""},"categories":[18],"tags":[],"class_list":["post-7471","post","type-post","status-publish","format-standard","has-post-thumbnail","hentry","category-nacionales"],"jetpack_featured_media_url":"https:\/\/atecordoba.org\/wp-content\/uploads\/2020\/05\/logo-nuevochico-e1561581322808.png","_links":{"self":[{"href":"https:\/\/atecordoba.org\/index.php?rest_route=\/wp\/v2\/posts\/7471","targetHints":{"allow":["GET"]}}],"collection":[{"href":"https:\/\/atecordoba.org\/index.php?rest_route=\/wp\/v2\/posts"}],"about":[{"href":"https:\/\/atecordoba.org\/index.php?rest_route=\/wp\/v2\/types\/post"}],"author":[{"embeddable":true,"href":"https:\/\/atecordoba.org\/index.php?rest_route=\/wp\/v2\/users\/1"}],"replies":[{"embeddable":true,"href":"https:\/\/atecordoba.org\/index.php?rest_route=%2Fwp%2Fv2%2Fcomments&post=7471"}],"version-history":[{"count":0,"href":"https:\/\/atecordoba.org\/index.php?rest_route=\/wp\/v2\/posts\/7471\/revisions"}],"wp:featuredmedia":[{"embeddable":true,"href":"https:\/\/atecordoba.org\/index.php?rest_route=\/wp\/v2\/media\/19220"}],"wp:attachment":[{"href":"https:\/\/atecordoba.org\/index.php?rest_route=%2Fwp%2Fv2%2Fmedia&parent=7471"}],"wp:term":[{"taxonomy":"category","embeddable":true,"href":"https:\/\/atecordoba.org\/index.php?rest_route=%2Fwp%2Fv2%2Fcategories&post=7471"},{"taxonomy":"post_tag","embeddable":true,"href":"https:\/\/atecordoba.org\/index.php?rest_route=%2Fwp%2Fv2%2Ftags&post=7471"}],"curies":[{"name":"wp","href":"https:\/\/api.w.org\/{rel}","templated":true}]}}