{"id":7469,"date":"2016-10-25T18:10:37","date_gmt":"2016-10-25T21:10:37","guid":{"rendered":"http:\/\/www.atecordoba.org\/?p=7469"},"modified":"2016-10-25T18:10:37","modified_gmt":"2016-10-25T21:10:37","slug":"detalles-a-tener-en-cuenta-para-hacer-uso-del-convenio-con-el-mas","status":"publish","type":"post","link":"https:\/\/atecordoba.org\/?p=7469","title":{"rendered":"Detalles a tener en cuenta para hacer uso del convenio con el MAS"},"content":{"rendered":"<p><em>Ponemos en conocimiento de los compa\u00f1eros algunas cosas que tienen que tener en cuenta para hacer uso de los beneficios del convenio con el MAS.<\/em><\/p>\n<p>Se solicita a todos los afiliados de ATE la urgente actualizaci\u00f3n de todos los datos del grupo familiar a los fines de un mejor uso del convenio con la Mutual del MAS. Los datos a actualizar incluyen tanto al c\u00f3nyuge como a los hijos de hasta 18 a\u00f1os de edad. Esta actualizaci\u00f3n de los datos es <strong>requisito indispensable<\/strong> para hacer uso de los beneficios que abarca el convenio con la Mutual del MAS. Ante cualquier duda o consulta pueden comunicarse con los delegados de su repartici\u00f3n.<\/p>\n<p>Tel\u00e9fonos para contacto: Eduardo Pereyra (152713499) y\u00a0Daniel Pawluchuzk (156297240).<\/p>\n<p>Servicios que ofrece ATE a trav\u00e9s\u00a0de la Mutual del MAS:<\/p>\n<p><strong>CASA CENTRAL<\/strong><\/p>\n<p>Entre R\u00edos 362 \u2013 C\u00f3rdoba Capital<\/p>\n<p>Tel.: 428-2409 \/ 4282411<\/p>\n<p>Lunes a viernes \u2013 8:00 a 16:00 hs.<\/p>\n<p>S\u00e1bados \u2013 8:30 a 12:30 hs.<\/p>\n<p><strong>CENTRO M\u00c9DICO<\/strong><\/p>\n<p>2\u00ba piso: Rayos y Ecograf\u00eda<\/p>\n<p>3\u00ba piso: Especialidades<\/p>\n<p>Tel.: 4282474 \/ 4282499<\/p>\n<p>Lunes a Viernes \u2013 8:00 hs a 18:00 hs.<\/p>\n<p><strong>LABORATORIO<\/strong><\/p>\n<p>2\u00ba piso<\/p>\n<p>Tel.: 4282967<\/p>\n<p>Lunes a viernes \u2013 7:45 a 13:30 hs. y 14:30 a 18:00 hs.<\/p>\n<p>Extracciones:<\/p>\n<p>Lunes a viernes \u2013 7:45 hs a 9:00 hs.<\/p>\n<p><strong>ODONTOLOG\u00cdA<\/strong><\/p>\n<p>1\u00ba piso<\/p>\n<p>Tel.: 4262418 \/ 4260418 (l\u00ednea directa)<\/p>\n<p>Lunes a viernes \u2013 8:00 hs a 18:00 hs.<\/p>\n<p><strong>OFTALMOLOG\u00cdA<\/strong><\/p>\n<p>2\u00ba piso<\/p>\n<p>Tel.: 4282474 \/ 4282499<\/p>\n<p>Lunes a viernes \u2013 9:30 a 18:00 hs.<\/p>\n<p><strong>FARMACIA MUTUAL<\/strong><\/p>\n<p>Planta baja<\/p>\n<p>Tel.: 4282474 \/ 4282499<\/p>\n<p>Lunes a viernes \u2013 8:00 hs a 20:00 hs.<\/p>\n<p>S\u00e1bados \u2013 8:30 a 12:30 hs.<\/p>\n<p><strong>\u00d3PTICA<\/strong><\/p>\n<p>Planta baja<\/p>\n<p>Tel.: 4282278<\/p>\n<p>Lunes a viernes \u2013 9:00 a 19:00 hs.<\/p>\n<p>S\u00e1bados \u2013 9:00 a 12:30 hs.<\/p>\n<p><strong>FILIAL DE\u00c1N FUNES<\/strong><\/p>\n<p>S\u00e1enz Pe\u00f1a 318 &#8211; Local A<\/p>\n<p>Tel.: (03521) 422888<\/p>\n<p>Lunes a Viernes \u2013 09:00 a 17:00 hs.<\/p>\n<p>S\u00e1bados \u2013 8.30 a 12.30 hs.<\/p>\n<p><strong>FILIAL CRUZ DEL EJE<\/strong><\/p>\n<p>San Mart\u00edn 435 esquina Espa\u00f1a<\/p>\n<p>Tel.: (03549) 423185 \/ 423610<\/p>\n<p>Lunes a viernes \u2013 08:00 a 13:00 hs. y de 17:30 a 20:30 hs.<\/p>\n<p>S\u00e1bados \u2013 8:30 a 12:30 hs.<\/p>\n<p>&nbsp;<\/p>\n<p>Para la atenci\u00f3n es necesario sacar turno. Los afiliados del interior podr\u00e1n sacar turno con prioridad en las filiales.<\/p>\n","protected":false},"excerpt":{"rendered":"<p>Ponemos en conocimiento de los compa\u00f1eros algunas cosas que tienen que tener en cuenta para hacer uso de los beneficios del convenio con el MAS. Se solicita a todos los afiliados de ATE la urgente actualizaci\u00f3n de todos los datos del grupo familiar a los fines de un mejor uso del convenio con la Mutual [&hellip;]<\/p>\n","protected":false},"author":1,"featured_media":19220,"comment_status":"open","ping_status":"open","sticky":false,"template":"","format":"standard","meta":{"_exactmetrics_skip_tracking":false,"_exactmetrics_sitenote_active":false,"_exactmetrics_sitenote_note":"","_exactmetrics_sitenote_category":0,"jnews-multi-image_gallery":[],"jnews_single_post":[],"jnews_primary_category":[],"jnews_social_meta":[],"jnews_review":[],"enable_review":"","type":"","name":"","summary":"","brand":"","sku":"","good":[],"bad":[],"score_override":"","override_value":"","rating":[],"price":[],"jnews_override_counter":[],"jnews_post_split":[],"footnotes":""},"categories":[1],"tags":[],"class_list":["post-7469","post","type-post","status-publish","format-standard","has-post-thumbnail","hentry","category-sin-categoria"],"jetpack_featured_media_url":"https:\/\/atecordoba.org\/wp-content\/uploads\/2020\/05\/logo-nuevochico-e1561581322808.png","_links":{"self":[{"href":"https:\/\/atecordoba.org\/index.php?rest_route=\/wp\/v2\/posts\/7469","targetHints":{"allow":["GET"]}}],"collection":[{"href":"https:\/\/atecordoba.org\/index.php?rest_route=\/wp\/v2\/posts"}],"about":[{"href":"https:\/\/atecordoba.org\/index.php?rest_route=\/wp\/v2\/types\/post"}],"author":[{"embeddable":true,"href":"https:\/\/atecordoba.org\/index.php?rest_route=\/wp\/v2\/users\/1"}],"replies":[{"embeddable":true,"href":"https:\/\/atecordoba.org\/index.php?rest_route=%2Fwp%2Fv2%2Fcomments&post=7469"}],"version-history":[{"count":0,"href":"https:\/\/atecordoba.org\/index.php?rest_route=\/wp\/v2\/posts\/7469\/revisions"}],"wp:featuredmedia":[{"embeddable":true,"href":"https:\/\/atecordoba.org\/index.php?rest_route=\/wp\/v2\/media\/19220"}],"wp:attachment":[{"href":"https:\/\/atecordoba.org\/index.php?rest_route=%2Fwp%2Fv2%2Fmedia&parent=7469"}],"wp:term":[{"taxonomy":"category","embeddable":true,"href":"https:\/\/atecordoba.org\/index.php?rest_route=%2Fwp%2Fv2%2Fcategories&post=7469"},{"taxonomy":"post_tag","embeddable":true,"href":"https:\/\/atecordoba.org\/index.php?rest_route=%2Fwp%2Fv2%2Ftags&post=7469"}],"curies":[{"name":"wp","href":"https:\/\/api.w.org\/{rel}","templated":true}]}}