{"id":7466,"date":"2016-10-25T17:33:53","date_gmt":"2016-10-25T20:33:53","guid":{"rendered":"http:\/\/www.atecordoba.org\/?p=7466"},"modified":"2016-10-25T17:33:53","modified_gmt":"2016-10-25T20:33:53","slug":"el-10-de-noviembre-se-llevara-a-cabo-la-segunda-jornada-de-formacion-sobre-salud","status":"publish","type":"post","link":"https:\/\/atecordoba.org\/?p=7466","title":{"rendered":"El 10 de noviembre se llevar\u00e1 a cabo la Segunda Jornada de Formaci\u00f3n sobre Salud"},"content":{"rendered":"<p><em>Se presentar\u00e1 el CD \u201cRelatos para ahuyentar las nanas\u201d. La jornada estar\u00e1 enfocada en los momentos de stress por el que pasan los ni\u00f1os bajo tratamiento m\u00e9dico.<\/em><\/p>\n<p>Con presencia de representantes de Idep Salud y del Consejo Directivo Nacional de ATE, se realizar\u00e1 una nueva Jornada de Formaci\u00f3n sobre Salud con la presentaci\u00f3n del CD \u201cRelatos para ahuyentar las nanas\u201d. Ser\u00e1 un encuentro abierto y gratuito que tendr\u00e1 lugar el jueves 10 de noviembre a las 10 hs. en el Hospital Pedi\u00e1trico del Ni\u00f1o Jes\u00fas (ex Casa Cuna), ubicado en Av. Castro Barros 650.<\/p>\n<p>Ser\u00e1 un espacio para reconocer c\u00f3mo encarar las dolencias de nuestros ni\u00f1os que deben pasar por momentos de stress cuando se encuentran bajo tratamientos m\u00e9dicos. Se analizar\u00e1 tanto el punto de vista de trabajadores de la Salud como de padres de ni\u00f1os en esta situaci\u00f3n.<\/p>\n<p><img loading=\"lazy\" decoding=\"async\" class=\"aligncenter size-full wp-image-7467\" src=\"http:\/\/www.atecordoba.org\/wp-content\/uploads\/2016\/10\/relatos-cordoba-e1477427613431.jpg\" alt=\"AFICHE Y FLYER MISIONES\" width=\"550\" height=\"774\" \/><\/p>\n<p>Organiza: Equipo Idep C\u00f3rdoba<\/p>\n<p>Por consultas, comunicarse con Raquel Pizzirussi (157302438) o con Eduardo Pereyra (152713499).<\/p>\n<p>M\u00e1s informaci\u00f3n: <a href=\"http:\/\/paraahuyentarlasnanas.blogspot.com.ar\/\">http:\/\/paraahuyentarlasnanas.blogspot.com.ar\/<\/a><\/p>\n","protected":false},"excerpt":{"rendered":"<p>Se presentar\u00e1 el CD \u201cRelatos para ahuyentar las nanas\u201d. La jornada estar\u00e1 enfocada en los momentos de stress por el que pasan los ni\u00f1os bajo tratamiento m\u00e9dico. Con presencia de representantes de Idep Salud y del Consejo Directivo Nacional de ATE, se realizar\u00e1 una nueva Jornada de Formaci\u00f3n sobre Salud con la presentaci\u00f3n del CD [&hellip;]<\/p>\n","protected":false},"author":1,"featured_media":19220,"comment_status":"open","ping_status":"open","sticky":false,"template":"","format":"standard","meta":{"_exactmetrics_skip_tracking":false,"_exactmetrics_sitenote_active":false,"_exactmetrics_sitenote_note":"","_exactmetrics_sitenote_category":0,"jnews-multi-image_gallery":[],"jnews_single_post":[],"jnews_primary_category":[],"jnews_social_meta":[],"jnews_review":[],"enable_review":"","type":"","name":"","summary":"","brand":"","sku":"","good":[],"bad":[],"score_override":"","override_value":"","rating":[],"price":[],"jnews_override_counter":[],"jnews_post_split":[],"footnotes":""},"categories":[88,102],"tags":[],"class_list":["post-7466","post","type-post","status-publish","format-standard","has-post-thumbnail","hentry","category-formacion","category-salud-2"],"jetpack_featured_media_url":"https:\/\/atecordoba.org\/wp-content\/uploads\/2020\/05\/logo-nuevochico-e1561581322808.png","_links":{"self":[{"href":"https:\/\/atecordoba.org\/index.php?rest_route=\/wp\/v2\/posts\/7466","targetHints":{"allow":["GET"]}}],"collection":[{"href":"https:\/\/atecordoba.org\/index.php?rest_route=\/wp\/v2\/posts"}],"about":[{"href":"https:\/\/atecordoba.org\/index.php?rest_route=\/wp\/v2\/types\/post"}],"author":[{"embeddable":true,"href":"https:\/\/atecordoba.org\/index.php?rest_route=\/wp\/v2\/users\/1"}],"replies":[{"embeddable":true,"href":"https:\/\/atecordoba.org\/index.php?rest_route=%2Fwp%2Fv2%2Fcomments&post=7466"}],"version-history":[{"count":0,"href":"https:\/\/atecordoba.org\/index.php?rest_route=\/wp\/v2\/posts\/7466\/revisions"}],"wp:featuredmedia":[{"embeddable":true,"href":"https:\/\/atecordoba.org\/index.php?rest_route=\/wp\/v2\/media\/19220"}],"wp:attachment":[{"href":"https:\/\/atecordoba.org\/index.php?rest_route=%2Fwp%2Fv2%2Fmedia&parent=7466"}],"wp:term":[{"taxonomy":"category","embeddable":true,"href":"https:\/\/atecordoba.org\/index.php?rest_route=%2Fwp%2Fv2%2Fcategories&post=7466"},{"taxonomy":"post_tag","embeddable":true,"href":"https:\/\/atecordoba.org\/index.php?rest_route=%2Fwp%2Fv2%2Ftags&post=7466"}],"curies":[{"name":"wp","href":"https:\/\/api.w.org\/{rel}","templated":true}]}}