{"id":746,"date":"2011-11-08T15:42:54","date_gmt":"2011-11-08T18:42:54","guid":{"rendered":"http:\/\/www.atecordoba.org\/?p=746"},"modified":"2011-11-08T15:42:54","modified_gmt":"2011-11-08T18:42:54","slug":"maria-teresa-romero-vamos-a-luchar-por-el-reconocimiento-de-ate","status":"publish","type":"post","link":"https:\/\/atecordoba.org\/?p=746","title":{"rendered":"Mar\u00eda Teresa Romero: &#8220;Vamos a luchar por el reconocimiento de ATE&#8221;"},"content":{"rendered":"<div>\n<div dir=\"ltr\">\n<p><strong>(C\u00f3rdoba, 8-11-2011) En el marco de la asunci\u00f3n de Julio Fuentes y Hugo Godoy como nueva conducci\u00f3n de nuestra ATE, la secretaria General del CDP C\u00f3rdoba se refiri\u00f3 a la situaci\u00f3n de discriminaci\u00f3n que sufre el gremio de parte del gobierno provincial.<\/strong><\/p>\n<\/div>\n<\/div>\n<div>\n<div dir=\"ltr\">\n<p>&#8220;Por delante tenemos varios desaf\u00edos. Entre ellos vamos a proponer al CDN el tratamiento de agendas p\u00fablicas comunes, como el trabajo en negro. Porque este es un tema indispensable en las provincias y es una buena propuesta para que en estos pr\u00f3ximos 4 a\u00f1os lo podamos desterrar. Como desaf\u00edo interno tenemos el crecimiento de afiliados, seccionales nuevas y al formaci\u00f3n de cuadros que vayan a producir los recambios en las conducciones actuales. Por supuesto que vamos a profundizar la pelea salarial sobre todo para los sectores m\u00e1s postergados&#8221;, se\u00f1al\u00f3 Romero.<\/p>\n<p>Para la dirigente es necesario &#8220;el blanqueo de todas las sumas que se cobran en negro porque los grandes perjudicados son los compa\u00f1eros que est\u00e1n m\u00e1s cerca de su jubilaci\u00f3n y cuando lo hacen, perciben sumas miserables. Hacia ellos tambi\u00e9n apuntamos fuertemente nuestro reclamo. Pero este perjuicio tambi\u00e9n va para el trabajador activo porque sus escalas est\u00e1n achatadas&#8221;.<\/p>\n<p>&#8220;Ya ni hablar del salario propiamente en s\u00ed con un Estado que empobrece a su propio trabajador. Compa\u00f1eros jornaleros de municipios definitivamente precarizados, que es aquel que se presenta el d\u00eda lunes y si hay trabajo lo toman y les pagan apenas 350 pesos&#8221;.<\/p>\n<p><strong>Reconocimiento en C\u00f3rdoba<\/strong><\/p>\n<p>La secretaria General de CDP afirm\u00f3 que &#8220;insistiremos con el reconocimiento de ATE, y que creemos llegar\u00e1 pronto porque los primeros que nos est\u00e1n dando la legalidad son los propios trabajadores que se han sumado a nuestra lucha y hoy lo vemos con el conflicto de la Salud&#8221;.<\/p>\n<p>&#8220;Muchas cosas se han desvirtuado. Por ejemplo han desaparecidos programas, como el de Salud familiar que redujo la mortalidad infantil en el conurbano de C\u00f3rdoba y ahora se dedican a realizar obras fara\u00f3nicas&#8221;.<\/p>\n<\/div>\n<\/div>\n","protected":false},"excerpt":{"rendered":"<p>(C\u00f3rdoba, 8-11-2011) En el marco de la asunci\u00f3n de Julio Fuentes y Hugo Godoy como nueva conducci\u00f3n de nuestra ATE, la secretaria General del CDP C\u00f3rdoba se refiri\u00f3 a la situaci\u00f3n de discriminaci\u00f3n que sufre el gremio de parte del gobierno provincial. &#8220;Por delante tenemos varios desaf\u00edos. Entre ellos vamos a proponer al CDN el [&hellip;]<\/p>\n","protected":false},"author":1,"featured_media":19220,"comment_status":"open","ping_status":"open","sticky":false,"template":"","format":"standard","meta":{"_exactmetrics_skip_tracking":false,"_exactmetrics_sitenote_active":false,"_exactmetrics_sitenote_note":"","_exactmetrics_sitenote_category":0,"jnews-multi-image_gallery":[],"jnews_single_post":[],"jnews_primary_category":[],"jnews_social_meta":[],"jnews_review":[],"enable_review":"","type":"","name":"","summary":"","brand":"","sku":"","good":[],"bad":[],"score_override":"","override_value":"","rating":[],"price":[],"jnews_override_counter":[],"jnews_post_split":[],"footnotes":""},"categories":[18],"tags":[29,11],"class_list":["post-746","post","type-post","status-publish","format-standard","has-post-thumbnail","hentry","category-nacionales","tag-nacionales-2","tag-noticias-2"],"jetpack_featured_media_url":"https:\/\/atecordoba.org\/wp-content\/uploads\/2020\/05\/logo-nuevochico-e1561581322808.png","_links":{"self":[{"href":"https:\/\/atecordoba.org\/index.php?rest_route=\/wp\/v2\/posts\/746","targetHints":{"allow":["GET"]}}],"collection":[{"href":"https:\/\/atecordoba.org\/index.php?rest_route=\/wp\/v2\/posts"}],"about":[{"href":"https:\/\/atecordoba.org\/index.php?rest_route=\/wp\/v2\/types\/post"}],"author":[{"embeddable":true,"href":"https:\/\/atecordoba.org\/index.php?rest_route=\/wp\/v2\/users\/1"}],"replies":[{"embeddable":true,"href":"https:\/\/atecordoba.org\/index.php?rest_route=%2Fwp%2Fv2%2Fcomments&post=746"}],"version-history":[{"count":0,"href":"https:\/\/atecordoba.org\/index.php?rest_route=\/wp\/v2\/posts\/746\/revisions"}],"wp:featuredmedia":[{"embeddable":true,"href":"https:\/\/atecordoba.org\/index.php?rest_route=\/wp\/v2\/media\/19220"}],"wp:attachment":[{"href":"https:\/\/atecordoba.org\/index.php?rest_route=%2Fwp%2Fv2%2Fmedia&parent=746"}],"wp:term":[{"taxonomy":"category","embeddable":true,"href":"https:\/\/atecordoba.org\/index.php?rest_route=%2Fwp%2Fv2%2Fcategories&post=746"},{"taxonomy":"post_tag","embeddable":true,"href":"https:\/\/atecordoba.org\/index.php?rest_route=%2Fwp%2Fv2%2Ftags&post=746"}],"curies":[{"name":"wp","href":"https:\/\/api.w.org\/{rel}","templated":true}]}}