{"id":7459,"date":"2016-10-25T16:41:58","date_gmt":"2016-10-25T19:41:58","guid":{"rendered":"http:\/\/www.atecordoba.org\/?p=7459"},"modified":"2016-10-25T16:41:58","modified_gmt":"2016-10-25T19:41:58","slug":"los-trabajadores-de-la-orquesta-sinfonica-de-la-unc-se-organizan-en-ate","status":"publish","type":"post","link":"https:\/\/atecordoba.org\/?p=7459","title":{"rendered":"Los trabajadores de la Orquesta Sinf\u00f3nica de la UNC se organizan en ATE"},"content":{"rendered":"<p><em>Son los 64 integrantes de la orquesta que arrastran una historia de precarizaci\u00f3n que ya supera los 10 a\u00f1os.<\/em><\/p>\n<p><img loading=\"lazy\" decoding=\"async\" class=\"aligncenter size-full wp-image-7460\" src=\"http:\/\/www.atecordoba.org\/wp-content\/uploads\/2016\/10\/IMG-20160920-WA0010.jpg\" alt=\"img-20160920-wa0010\" width=\"512\" height=\"288\" \/><\/p>\n<p>Los compa\u00f1eros de la Orquesta Sinf\u00f3nica de la UNC decidieron la uni\u00f3n de la orquesta en pleno a ATE, respon<br \/>\ndiendo a la necesidad de organizaci\u00f3n de los trabajadores del Estado no reconocidos como tales. Por ahora, se eligieron delegados internos hasta que se lleven a cabo las elecciones definitivas, que se realizar\u00e1n el 17 de noviembre.<\/p>\n<p>Lo que caracteriza a este grupo de compa\u00f1eros es su larga trayectoria como trabajadores precarizados. Todos est\u00e1n encuadrados en la figura de \u201cbecados\u201d y no cuentan con obra social ni aportes ni aumentos al ritmo del resto de los trabajadores. Sin embargo cumplen un horario fijo y desarrollan su actividad en un lugar fijo. Por otra parte, los instrumentos y la manutenci\u00f3n de los mismos corre por cuenta de los trabajadores.<\/p>\n<p><img loading=\"lazy\" decoding=\"async\" class=\"aligncenter size-full wp-image-7461\" src=\"http:\/\/www.atecordoba.org\/wp-content\/uploads\/2016\/10\/IMG_20160920_195823526.jpg\" alt=\"img_20160920_195823526\" width=\"512\" height=\"288\" \/><\/p>\n<p>&#8220;Celebramos la incorporaci\u00f3n de estos compa\u00f1eros a la lucha de ATE con la convicci\u00f3n de que la defensa de sus intereses es la defensa de la cultura como pol\u00edtica de Estado y el rol de los trabajadores de la cultura como garantes de dicha pol\u00edtica. Los trabajadores estatales de la cultura necesitan, exigen y merecen su reconocimiento como tales por la importancia vital de su labor en el conjunto de la sociedad en general y de la comunidad universitaria en particular&#8221; expres\u00f3 Francisco Pav\u00e1n, Prosecretario Gremial del Consejo Directivo Provincial.<\/p>\n","protected":false},"excerpt":{"rendered":"<p>Son los 64 integrantes de la orquesta que arrastran una historia de precarizaci\u00f3n que ya supera los 10 a\u00f1os. Los compa\u00f1eros de la Orquesta Sinf\u00f3nica de la UNC decidieron la uni\u00f3n de la orquesta en pleno a ATE, respon diendo a la necesidad de organizaci\u00f3n de los trabajadores del Estado no reconocidos como tales. Por [&hellip;]<\/p>\n","protected":false},"author":1,"featured_media":19220,"comment_status":"open","ping_status":"open","sticky":false,"template":"","format":"standard","meta":{"_exactmetrics_skip_tracking":false,"_exactmetrics_sitenote_active":false,"_exactmetrics_sitenote_note":"","_exactmetrics_sitenote_category":0,"jnews-multi-image_gallery":[],"jnews_single_post":[],"jnews_primary_category":[],"jnews_social_meta":[],"jnews_review":[],"enable_review":"","type":"","name":"","summary":"","brand":"","sku":"","good":[],"bad":[],"score_override":"","override_value":"","rating":[],"price":[],"jnews_override_counter":[],"jnews_post_split":[],"footnotes":""},"categories":[89],"tags":[],"class_list":["post-7459","post","type-post","status-publish","format-standard","has-post-thumbnail","hentry","category-unc"],"jetpack_featured_media_url":"https:\/\/atecordoba.org\/wp-content\/uploads\/2020\/05\/logo-nuevochico-e1561581322808.png","_links":{"self":[{"href":"https:\/\/atecordoba.org\/index.php?rest_route=\/wp\/v2\/posts\/7459","targetHints":{"allow":["GET"]}}],"collection":[{"href":"https:\/\/atecordoba.org\/index.php?rest_route=\/wp\/v2\/posts"}],"about":[{"href":"https:\/\/atecordoba.org\/index.php?rest_route=\/wp\/v2\/types\/post"}],"author":[{"embeddable":true,"href":"https:\/\/atecordoba.org\/index.php?rest_route=\/wp\/v2\/users\/1"}],"replies":[{"embeddable":true,"href":"https:\/\/atecordoba.org\/index.php?rest_route=%2Fwp%2Fv2%2Fcomments&post=7459"}],"version-history":[{"count":0,"href":"https:\/\/atecordoba.org\/index.php?rest_route=\/wp\/v2\/posts\/7459\/revisions"}],"wp:featuredmedia":[{"embeddable":true,"href":"https:\/\/atecordoba.org\/index.php?rest_route=\/wp\/v2\/media\/19220"}],"wp:attachment":[{"href":"https:\/\/atecordoba.org\/index.php?rest_route=%2Fwp%2Fv2%2Fmedia&parent=7459"}],"wp:term":[{"taxonomy":"category","embeddable":true,"href":"https:\/\/atecordoba.org\/index.php?rest_route=%2Fwp%2Fv2%2Fcategories&post=7459"},{"taxonomy":"post_tag","embeddable":true,"href":"https:\/\/atecordoba.org\/index.php?rest_route=%2Fwp%2Fv2%2Ftags&post=7459"}],"curies":[{"name":"wp","href":"https:\/\/api.w.org\/{rel}","templated":true}]}}