{"id":7452,"date":"2016-10-19T17:54:17","date_gmt":"2016-10-19T20:54:17","guid":{"rendered":"http:\/\/www.atecordoba.org\/?p=7452"},"modified":"2020-06-09T15:39:09","modified_gmt":"2020-06-09T18:39:09","slug":"ate-llevo-adelante-una-nueva-jornada-de-protesta","status":"publish","type":"post","link":"https:\/\/atecordoba.org\/?p=7452","title":{"rendered":"ATE llev\u00f3 adelante una nueva jornada de protesta"},"content":{"rendered":"<p><em>Se realiz\u00f3 hoy con distintas modalidades en las reparticiones del \u00e1mbito provincial.<\/em><\/p>\n<p><img loading=\"lazy\" decoding=\"async\" class=\"aligncenter size-full wp-image-7454\" src=\"http:\/\/atecordoba.org\/wp-content\/uploads\/2020\/06\/WhatsApp-Image-2016-10-19-at-13.36.25-e1476910280273.jpg\" alt=\"whatsapp-image-2016-10-19-at-13-36-25\" width=\"550\" height=\"412\" \/><\/p>\n<p>En la jornada de hoy, los compa\u00f1eros de las reparticiones provinciales \u00a0motorizaron una nueva jornada de protesta con asambleas o cortes de calle seg\u00fan la repartici\u00f3n. Los ejes del reclamo fueron: la reapertura de paritarias, la reincorporaci\u00f3n de los trabajadores despedidos, el pase a planta permanente de los compa\u00f1eros, la defensa de la Caja de Jubilaciones y el sistema previsional y el rechazo al bono de fin de a\u00f1o que la provincia ofrecer\u00eda a los trabajadores.<\/p>\n<p><img loading=\"lazy\" decoding=\"async\" class=\"aligncenter size-full wp-image-7453\" src=\"http:\/\/atecordoba.org\/wp-content\/uploads\/2020\/06\/WhatsApp-Image-2016-10-19-at-14.47.21-1-e1476910289871.jpg\" alt=\"whatsapp-image-2016-10-19-at-14-47-21-1\" width=\"550\" height=\"310\" \/><\/p>\n<p>Por otra parte, las compa\u00f1eras mujeres se adhirieron al paro de una hora que se realiz\u00f3 de 13 a 14 hs. en todos los \u00e1mbitos y salieron a la calle en sus lugares de trabajo para manifestarse en contra de la violencia de g\u00e9nero, tal como hab\u00eda dispuesto el Consejo Directivo Nacional y los distintos Consejos Directivos Prov<img loading=\"lazy\" decoding=\"async\" class=\"aligncenter size-full wp-image-7456\" src=\"http:\/\/atecordoba.org\/wp-content\/uploads\/2020\/06\/WhatsApp-Image-2016-10-19-at-14.01.24-1-e1476910308401.jpg\" alt=\"whatsapp-image-2016-10-19-at-14-01-24\" width=\"550\" height=\"309\" \/><\/p>\n","protected":false},"excerpt":{"rendered":"<p>Se realiz\u00f3 hoy con distintas modalidades en las reparticiones del \u00e1mbito provincial. En la jornada de hoy, los compa\u00f1eros de las reparticiones provinciales \u00a0motorizaron una nueva jornada de protesta con asambleas o cortes de calle seg\u00fan la repartici\u00f3n. Los ejes del reclamo fueron: la reapertura de paritarias, la reincorporaci\u00f3n de los trabajadores despedidos, el pase [&hellip;]<\/p>\n","protected":false},"author":1,"featured_media":19220,"comment_status":"open","ping_status":"open","sticky":false,"template":"","format":"standard","meta":{"_exactmetrics_skip_tracking":false,"_exactmetrics_sitenote_active":false,"_exactmetrics_sitenote_note":"","_exactmetrics_sitenote_category":0,"jnews-multi-image_gallery":[],"jnews_single_post":[],"jnews_primary_category":[],"jnews_social_meta":[],"jnews_review":[],"enable_review":"","type":"","name":"","summary":"","brand":"","sku":"","good":[],"bad":[],"score_override":"","override_value":"","rating":[],"price":[],"jnews_override_counter":[],"jnews_post_split":[],"footnotes":""},"categories":[10,75,325,8],"tags":[],"class_list":["post-7452","post","type-post","status-publish","format-standard","has-post-thumbnail","hentry","category-accion-politica","category-accion-social","category-generos-y-diversidades","category-provinciales"],"jetpack_featured_media_url":"https:\/\/atecordoba.org\/wp-content\/uploads\/2020\/05\/logo-nuevochico-e1561581322808.png","_links":{"self":[{"href":"https:\/\/atecordoba.org\/index.php?rest_route=\/wp\/v2\/posts\/7452","targetHints":{"allow":["GET"]}}],"collection":[{"href":"https:\/\/atecordoba.org\/index.php?rest_route=\/wp\/v2\/posts"}],"about":[{"href":"https:\/\/atecordoba.org\/index.php?rest_route=\/wp\/v2\/types\/post"}],"author":[{"embeddable":true,"href":"https:\/\/atecordoba.org\/index.php?rest_route=\/wp\/v2\/users\/1"}],"replies":[{"embeddable":true,"href":"https:\/\/atecordoba.org\/index.php?rest_route=%2Fwp%2Fv2%2Fcomments&post=7452"}],"version-history":[{"count":1,"href":"https:\/\/atecordoba.org\/index.php?rest_route=\/wp\/v2\/posts\/7452\/revisions"}],"predecessor-version":[{"id":19999,"href":"https:\/\/atecordoba.org\/index.php?rest_route=\/wp\/v2\/posts\/7452\/revisions\/19999"}],"wp:featuredmedia":[{"embeddable":true,"href":"https:\/\/atecordoba.org\/index.php?rest_route=\/wp\/v2\/media\/19220"}],"wp:attachment":[{"href":"https:\/\/atecordoba.org\/index.php?rest_route=%2Fwp%2Fv2%2Fmedia&parent=7452"}],"wp:term":[{"taxonomy":"category","embeddable":true,"href":"https:\/\/atecordoba.org\/index.php?rest_route=%2Fwp%2Fv2%2Fcategories&post=7452"},{"taxonomy":"post_tag","embeddable":true,"href":"https:\/\/atecordoba.org\/index.php?rest_route=%2Fwp%2Fv2%2Ftags&post=7452"}],"curies":[{"name":"wp","href":"https:\/\/api.w.org\/{rel}","templated":true}]}}