{"id":7448,"date":"2016-10-19T16:45:47","date_gmt":"2016-10-19T19:45:47","guid":{"rendered":"http:\/\/www.atecordoba.org\/?p=7448"},"modified":"2016-10-19T16:45:47","modified_gmt":"2016-10-19T19:45:47","slug":"consejo-directivo-nacional-confederal-y-plan-de-lucha","status":"publish","type":"post","link":"https:\/\/atecordoba.org\/?p=7448","title":{"rendered":"Consejo Directivo Nacional: Confederal y plan de lucha"},"content":{"rendered":"<p><em>Esta tarde, en el hotel de ATE, el secretariado nacional junto a dirigentes de la mayor\u00eda de las provincias resolvieron la metodolog\u00eda del Confederal que se realizar\u00e1 la semana que viene y las medidas de fuerzas para el resto del mes de octubre y noviembre.<\/em><\/p>\n<p><img loading=\"lazy\" decoding=\"async\" class=\"aligncenter size-full wp-image-7449\" src=\"http:\/\/www.atecordoba.org\/wp-content\/uploads\/2016\/10\/1-confederal-e1476906290240.jpg\" alt=\"1-confederal\" width=\"550\" height=\"334\" \/><\/p>\n<p><span style=\"font-style: inherit; font-weight: inherit;\">En primer lugar, Hugo \u201cCachorro\u201d Godoy, Secretario General del gremio, desarroll\u00f3 un informe sobre la acci\u00f3n gremial que se fue llevando a cabo en los \u00faltimos meses. Adem\u00e1s destac\u00f3 el fortalecimiento del gremio, su crecimiento en afiliados y seccionales y cuestiones internas a resolver.<\/span><\/p>\n<p><span style=\"font-style: inherit; font-weight: inherit;\">Tras la presentaci\u00f3n, se hizo hincapi\u00e9 en el Confederal que se realizar\u00e1 el 26 y 27 de octubre en el Hotel Bauen en Capital Federal. Luego que se trataran los detalles organizativos y metodol\u00f3gicos del mismo, a trav\u00e9s de una votaci\u00f3n se resolvi\u00f3 lo siguiente: Se realizar\u00e1n cinco comisiones de las cuales participar\u00e1n todos los presentes, para ello, el Consejo Directivo Nacional enviar\u00e1 a las provincias los detalles que se debatir\u00e1n en el encuentro; adem\u00e1s de los Secretarios Generales de todas los Consejos Directivos Provinciales\u00a0 y Seccionales, se invitar\u00e1 a un dirigente del Centro de Jubilado por provincia, a los Secretarios Generales de las cuatro provincias que actualmente contin\u00faan en condici\u00f3n de \u201cnormalizadas\u201d y a los Secretario Generales de las Juntas Internas de Capital Federal que superen los 250 afiliados. Todo este grupo que formar\u00e1 parte en la categor\u00eda de \u201cinvitados\u201d, tendr\u00e1n voz pero no podr\u00e1n votar. Finalmente se aprob\u00f3 que al finalizar el Confederal se realizar\u00e1 una Declaraci\u00f3n pol\u00edtica del mismo.<\/span><\/p>\n<p><img loading=\"lazy\" decoding=\"async\" class=\"aligncenter size-full wp-image-7450\" src=\"http:\/\/www.atecordoba.org\/wp-content\/uploads\/2016\/10\/2-confederal-e1476906304215.jpg\" alt=\"2-confederal\" width=\"550\" height=\"347\" \/><\/p>\n<p><span style=\"font-style: inherit; font-weight: inherit;\">Al comienzo de la segunda parte, Horacio Fern\u00e1ndez, Director del Idep, dio detalles del informe que se realiz\u00f3 sobre el proyecto del Presupuesto 2017 que el Ejecutivo nacional envi\u00f3 al Congreso. Tras esa presentaci\u00f3n, Hugo Godoy, en representaci\u00f3n del Secretariado nacional, inform\u00f3 las nuevas medidas de fuerzas que fueron aprobadas por unanimidad:<\/span><\/p>\n<p><span style=\"font-style: inherit; font-weight: inherit;\">Se ratific\u00f3 la convocatoria y respaldo al Paro Nacional de Mujeres que se llevar\u00e1 a cabo en el d\u00eda de ma\u00f1ana en todo el pa\u00eds de 13 a 14hs. En Capital Federal se realizar\u00e1 una movilizaci\u00f3n desde el Obelisco a Plaza de Mayo. La misma metodolog\u00eda est\u00e1 prevista en cada capital provincial.<\/span><\/p>\n<p><span style=\"font-style: inherit; font-weight: inherit;\">Convocar a una jornada continental de protesta en todo el pa\u00eds el pr\u00f3ximo 4 de noviembre en respaldo a la democracia y contra las empresas transnacional. En ese contexto, el pr\u00f3ximo 21 de octubre, se realizar\u00e1 una actividad en Iguaz\u00fa de la cual ATE formar\u00e1 parte.<\/span><\/p>\n<p><span style=\"font-style: inherit; font-weight: inherit;\">Con fecha a definir \u2013 entre el 15 y 20 de noviembre \u2013 ATE realizar\u00e1 un paro nacional junto con otras organizaciones sociales exigiendo la reapertura de la paritaria, la reincorporaci\u00f3n de los trabajadores despedidos y el cese de los despidos y terminar con la precarizaci\u00f3n laboral.<\/span><\/p>\n<p><span style=\"font-style: inherit; font-weight: inherit;\">Adem\u00e1s, para la primera semana de diciembre, se realizar\u00e1 un paro nacional de trabajadores municipales en el marco de los plenarios que se est\u00e1n realizando en cada una de las regiones del pa\u00eds. Se exigir\u00e1 la equiparaci\u00f3n de la Asignaci\u00f3n por Hijo y los derechos a los Convenios Colectivos de Trabajo y el Salario M\u00ednimo, Vital y M\u00f3vil.<\/span><\/p>\n<p><span style=\"font-style: inherit; font-weight: inherit;\">Finalmente, todos los presentes coincidieron en manifestarse por el desprocesamiento de todos los luchadores sociales, ya que la dirigencia de ATE es una de las m\u00e1s apuntadas por los gobiernos nacionales, provinciales y municipales.<\/span><\/p>\n","protected":false},"excerpt":{"rendered":"<p>Esta tarde, en el hotel de ATE, el secretariado nacional junto a dirigentes de la mayor\u00eda de las provincias resolvieron la metodolog\u00eda del Confederal que se realizar\u00e1 la semana que viene y las medidas de fuerzas para el resto del mes de octubre y noviembre. En primer lugar, Hugo \u201cCachorro\u201d Godoy, Secretario General del gremio, [&hellip;]<\/p>\n","protected":false},"author":1,"featured_media":19220,"comment_status":"open","ping_status":"open","sticky":false,"template":"","format":"standard","meta":{"_exactmetrics_skip_tracking":false,"_exactmetrics_sitenote_active":false,"_exactmetrics_sitenote_note":"","_exactmetrics_sitenote_category":0,"jnews-multi-image_gallery":[],"jnews_single_post":[],"jnews_primary_category":[],"jnews_social_meta":[],"jnews_review":[],"enable_review":"","type":"","name":"","summary":"","brand":"","sku":"","good":[],"bad":[],"score_override":"","override_value":"","rating":[],"price":[],"jnews_override_counter":[],"jnews_post_split":[],"footnotes":""},"categories":[18],"tags":[],"class_list":["post-7448","post","type-post","status-publish","format-standard","has-post-thumbnail","hentry","category-nacionales"],"jetpack_featured_media_url":"https:\/\/atecordoba.org\/wp-content\/uploads\/2020\/05\/logo-nuevochico-e1561581322808.png","_links":{"self":[{"href":"https:\/\/atecordoba.org\/index.php?rest_route=\/wp\/v2\/posts\/7448","targetHints":{"allow":["GET"]}}],"collection":[{"href":"https:\/\/atecordoba.org\/index.php?rest_route=\/wp\/v2\/posts"}],"about":[{"href":"https:\/\/atecordoba.org\/index.php?rest_route=\/wp\/v2\/types\/post"}],"author":[{"embeddable":true,"href":"https:\/\/atecordoba.org\/index.php?rest_route=\/wp\/v2\/users\/1"}],"replies":[{"embeddable":true,"href":"https:\/\/atecordoba.org\/index.php?rest_route=%2Fwp%2Fv2%2Fcomments&post=7448"}],"version-history":[{"count":0,"href":"https:\/\/atecordoba.org\/index.php?rest_route=\/wp\/v2\/posts\/7448\/revisions"}],"wp:featuredmedia":[{"embeddable":true,"href":"https:\/\/atecordoba.org\/index.php?rest_route=\/wp\/v2\/media\/19220"}],"wp:attachment":[{"href":"https:\/\/atecordoba.org\/index.php?rest_route=%2Fwp%2Fv2%2Fmedia&parent=7448"}],"wp:term":[{"taxonomy":"category","embeddable":true,"href":"https:\/\/atecordoba.org\/index.php?rest_route=%2Fwp%2Fv2%2Fcategories&post=7448"},{"taxonomy":"post_tag","embeddable":true,"href":"https:\/\/atecordoba.org\/index.php?rest_route=%2Fwp%2Fv2%2Ftags&post=7448"}],"curies":[{"name":"wp","href":"https:\/\/api.w.org\/{rel}","templated":true}]}}