{"id":7443,"date":"2016-10-19T16:39:10","date_gmt":"2016-10-19T19:39:10","guid":{"rendered":"http:\/\/www.atecordoba.org\/?p=7443"},"modified":"2016-10-19T16:39:10","modified_gmt":"2016-10-19T19:39:10","slug":"ate-junto-al-colectivo-ni-una-menos-previo-al-paro-nacional-de-mujeres","status":"publish","type":"post","link":"https:\/\/atecordoba.org\/?p=7443","title":{"rendered":"ATE junto al Colectivo Ni Una Menos previo al Paro Nacional de Mujeres"},"content":{"rendered":"<p><em>El Colectivo Ni Una Menos se hizo presente en ATE donde se trataron cuestiones organizativas y pol\u00edticas para potenciar el Paro Nacional de Mujeres que se realizar\u00e1 ma\u00f1ana.<\/em><\/p>\n<p><img loading=\"lazy\" decoding=\"async\" class=\"aligncenter size-full wp-image-7444\" src=\"http:\/\/www.atecordoba.org\/wp-content\/uploads\/2016\/10\/1-e1476905871554.jpg\" alt=\"1\" width=\"550\" height=\"382\" \/><\/p>\n<p><span style=\"font-style: inherit; font-weight: inherit;\">Estuvieron presentes Florencia Minici, Marta Dillon y Cecilia Palmeiro por el Colectivo; Hugo \u201cCachorro\u201d Godoy, Silvia Le\u00f3n y Marta Galante en representaci\u00f3n del Consejo Directivo Nacional de ATE; Oscar \u201cColo\u201d de Isasi, Secretario General de ATE provincia de Buenos Aires y compa\u00f1eras del equipo de mujeres de ATE.<\/span><\/p>\n<p><span style=\"font-style: inherit; font-weight: inherit;\">En la reuni\u00f3n que se llev\u00f3 a cabo tras la invitaci\u00f3n del gremio, la conducci\u00f3n de ATE le inform\u00f3 a las compa\u00f1eras del Colectivo Ni Una Menos que esta tarde se ratific\u00f3 el Paro de ma\u00f1ana en el plan de lucha que tendr\u00e1 su continuidad el 4 de noviembre en la jornada continental contra las empresas transnacionales y el Paro nacional que realizar\u00e1 el gremio a mediados de noviembre.<\/span><\/p>\n<p><img loading=\"lazy\" decoding=\"async\" class=\"aligncenter size-full wp-image-7445\" src=\"http:\/\/www.atecordoba.org\/wp-content\/uploads\/2016\/10\/2-e1476905881866.jpg\" alt=\"2\" width=\"550\" height=\"369\" \/><\/p>\n<p><span style=\"font-style: inherit; font-weight: inherit;\">En ese contexto, desde ATE se plante\u00f3 la necesidad de darle continuidad a este espacio en com\u00fan para seguir actuando de manera mancomunada con relaci\u00f3n a los derechos de la mujer y la ampliaci\u00f3n de los mismos.<\/span><\/p>\n<p><span style=\"font-style: inherit; font-weight: inherit;\">Por su parte, las compa\u00f1eras del Colectivo valoraron que ATE fue la primera organizaci\u00f3n sindical que respondi\u00f3 a la convocatoria y tuvo la iniciativa para sumarse y alentar el paro de ma\u00f1ana.<\/span><\/p>\n<p><span style=\"font-style: inherit; font-weight: inherit;\">Entre todos se destac\u00f3 como innovador el paro de mujeres, no s\u00f3lo como una marcha contra la violencia sino el potencial para parar la producci\u00f3n del pa\u00eds, hecho que pone en cuesti\u00f3n el significativo rol productivo de la mujer en el trabajo y el reproductivo en su rol de cuidado.<\/span><\/p>\n<p><img loading=\"lazy\" decoding=\"async\" class=\"aligncenter size-full wp-image-7446\" src=\"http:\/\/www.atecordoba.org\/wp-content\/uploads\/2016\/10\/3-e1476905892873.jpg\" alt=\"3\" width=\"550\" height=\"390\" \/><\/p>\n","protected":false},"excerpt":{"rendered":"<p>El Colectivo Ni Una Menos se hizo presente en ATE donde se trataron cuestiones organizativas y pol\u00edticas para potenciar el Paro Nacional de Mujeres que se realizar\u00e1 ma\u00f1ana. Estuvieron presentes Florencia Minici, Marta Dillon y Cecilia Palmeiro por el Colectivo; Hugo \u201cCachorro\u201d Godoy, Silvia Le\u00f3n y Marta Galante en representaci\u00f3n del Consejo Directivo Nacional de [&hellip;]<\/p>\n","protected":false},"author":1,"featured_media":19220,"comment_status":"open","ping_status":"open","sticky":false,"template":"","format":"standard","meta":{"_exactmetrics_skip_tracking":false,"_exactmetrics_sitenote_active":false,"_exactmetrics_sitenote_note":"","_exactmetrics_sitenote_category":0,"jnews-multi-image_gallery":[],"jnews_single_post":[],"jnews_primary_category":[],"jnews_social_meta":[],"jnews_review":[],"enable_review":"","type":"","name":"","summary":"","brand":"","sku":"","good":[],"bad":[],"score_override":"","override_value":"","rating":[],"price":[],"jnews_override_counter":[],"jnews_post_split":[],"footnotes":""},"categories":[10,75,18],"tags":[],"class_list":["post-7443","post","type-post","status-publish","format-standard","has-post-thumbnail","hentry","category-accion-politica","category-accion-social","category-nacionales"],"jetpack_featured_media_url":"https:\/\/atecordoba.org\/wp-content\/uploads\/2020\/05\/logo-nuevochico-e1561581322808.png","_links":{"self":[{"href":"https:\/\/atecordoba.org\/index.php?rest_route=\/wp\/v2\/posts\/7443","targetHints":{"allow":["GET"]}}],"collection":[{"href":"https:\/\/atecordoba.org\/index.php?rest_route=\/wp\/v2\/posts"}],"about":[{"href":"https:\/\/atecordoba.org\/index.php?rest_route=\/wp\/v2\/types\/post"}],"author":[{"embeddable":true,"href":"https:\/\/atecordoba.org\/index.php?rest_route=\/wp\/v2\/users\/1"}],"replies":[{"embeddable":true,"href":"https:\/\/atecordoba.org\/index.php?rest_route=%2Fwp%2Fv2%2Fcomments&post=7443"}],"version-history":[{"count":0,"href":"https:\/\/atecordoba.org\/index.php?rest_route=\/wp\/v2\/posts\/7443\/revisions"}],"wp:featuredmedia":[{"embeddable":true,"href":"https:\/\/atecordoba.org\/index.php?rest_route=\/wp\/v2\/media\/19220"}],"wp:attachment":[{"href":"https:\/\/atecordoba.org\/index.php?rest_route=%2Fwp%2Fv2%2Fmedia&parent=7443"}],"wp:term":[{"taxonomy":"category","embeddable":true,"href":"https:\/\/atecordoba.org\/index.php?rest_route=%2Fwp%2Fv2%2Fcategories&post=7443"},{"taxonomy":"post_tag","embeddable":true,"href":"https:\/\/atecordoba.org\/index.php?rest_route=%2Fwp%2Fv2%2Ftags&post=7443"}],"curies":[{"name":"wp","href":"https:\/\/api.w.org\/{rel}","templated":true}]}}