{"id":7433,"date":"2016-10-18T16:09:20","date_gmt":"2016-10-18T19:09:20","guid":{"rendered":"http:\/\/www.atecordoba.org\/?p=7433"},"modified":"2016-10-18T16:09:20","modified_gmt":"2016-10-18T19:09:20","slug":"universidad-nacional-los-trabajadores-se-organizan-de-cara-a-la-reforma-del-estatuto-universitario","status":"publish","type":"post","link":"https:\/\/atecordoba.org\/?p=7433","title":{"rendered":"Universidad Nacional: los trabajadores se organizan de cara a la reforma del Estatuto Universitario"},"content":{"rendered":"<p><em>ATE-UNC organiz\u00f3 el \u201cEncuentro-taller de formaci\u00f3n: co-gobierno universitario, reforma pol\u00edtica y organizaci\u00f3n gremial\u201d, que se llev\u00f3 a cabo el 30 de septiembre en la sede gremial.<img loading=\"lazy\" decoding=\"async\" class=\"aligncenter size-full wp-image-7435\" src=\"http:\/\/www.atecordoba.org\/wp-content\/uploads\/2016\/10\/WhatsApp-Image-2016-10-17-at-18.18.41-e1476817555707.jpeg\" alt=\"whatsapp-image-2016-10-17-at-18-18-41\" width=\"550\" height=\"413\" \/><\/em><\/p>\n<p>Bajo la consigna \u201c\u00bfQu\u00e9 herramientas tenemos los trabajadores de la universidad?\u201d y en el marco de la reforma pol\u00edtica anunciada en la Universidad Nacional de C\u00f3rdoba, los trabajadores se reunieron para participar del encuentro. El taller cont\u00f3 con una importante concurrencia pese a ser un d\u00eda feriado.<\/p>\n<p>Al evento asistieron como panelistas: Gabriel Correa, ingeniero graduado en la Facultad de Ciencias Exactas, F\u00edsicas y Naturales de la UNC; Mat\u00edas Dreizik, licenciado en psicolog\u00eda y docente de la Facultad de Psicolog\u00eda de la UNC; y Francisco Pavan, pro-secretario gremial del CDP y trabajador no docente de la universidad. \u00a0La actividad estuvo moderada por la compa\u00f1era Anah\u00ed Tanguikian de la FAUDI.<\/p>\n<p><img loading=\"lazy\" decoding=\"async\" class=\"aligncenter size-full wp-image-7434\" src=\"http:\/\/www.atecordoba.org\/wp-content\/uploads\/2016\/10\/WhatsApp-Image-2016-10-17-at-18.18.40-e1476817544934.jpeg\" alt=\"whatsapp-image-2016-10-17-at-18-18-40\" width=\"550\" height=\"413\" \/><\/p>\n<p>Correa y Dreizik profundizaron en las distintas aristas de la reforma pol\u00edtica de la Universidad, detallando sus alcances, implicancias y dando sus puntos de vista. Por su parte, Pavan se refiri\u00f3 a los impactos que tendr\u00edan los distintos proyectos en los trabajadores no docentes de la UNC: \u201cHay que dejar en claro una cosa, la reforma en cuesti\u00f3n no avanza en la democratizaci\u00f3n de la Universidad. Para eso, habr\u00eda que discutir que el voto de todos valga lo mismo y que no haya miembros de la comunidad universitaria de primera, de segunda, de tercera o cuarta categor\u00eda. Lo que si, avanzar en un sistema de elecci\u00f3n directa de autoridades unipersonales dota de mayor transparencia al proceso electoral\u201d expres\u00f3 el dirigente.<\/p>\n<p>Finalmente, luego del trabajo en comisiones, se definieron en el plenario final las estrategias a seguir para dotar de formaci\u00f3n e informaci\u00f3n a los trabajadores y promover su uni\u00f3n y organizaci\u00f3n.<\/p>\n<p><img loading=\"lazy\" decoding=\"async\" class=\"aligncenter size-full wp-image-7440\" src=\"http:\/\/www.atecordoba.org\/wp-content\/uploads\/2016\/10\/WhatsApp-Image-2016-10-17-at-18.22.00-e1476817607813.jpeg\" alt=\"whatsapp-image-2016-10-17-at-18-22-00\" width=\"550\" height=\"413\" \/><\/p>\n","protected":false},"excerpt":{"rendered":"<p>ATE-UNC organiz\u00f3 el \u201cEncuentro-taller de formaci\u00f3n: co-gobierno universitario, reforma pol\u00edtica y organizaci\u00f3n gremial\u201d, que se llev\u00f3 a cabo el 30 de septiembre en la sede gremial. Bajo la consigna \u201c\u00bfQu\u00e9 herramientas tenemos los trabajadores de la universidad?\u201d y en el marco de la reforma pol\u00edtica anunciada en la Universidad Nacional de C\u00f3rdoba, los trabajadores se [&hellip;]<\/p>\n","protected":false},"author":1,"featured_media":19220,"comment_status":"open","ping_status":"open","sticky":false,"template":"","format":"standard","meta":{"_exactmetrics_skip_tracking":false,"_exactmetrics_sitenote_active":false,"_exactmetrics_sitenote_note":"","_exactmetrics_sitenote_category":0,"jnews-multi-image_gallery":[],"jnews_single_post":[],"jnews_primary_category":[],"jnews_social_meta":[],"jnews_review":[],"enable_review":"","type":"","name":"","summary":"","brand":"","sku":"","good":[],"bad":[],"score_override":"","override_value":"","rating":[],"price":[],"jnews_override_counter":[],"jnews_post_split":[],"footnotes":""},"categories":[89],"tags":[],"class_list":["post-7433","post","type-post","status-publish","format-standard","has-post-thumbnail","hentry","category-unc"],"jetpack_featured_media_url":"https:\/\/atecordoba.org\/wp-content\/uploads\/2020\/05\/logo-nuevochico-e1561581322808.png","_links":{"self":[{"href":"https:\/\/atecordoba.org\/index.php?rest_route=\/wp\/v2\/posts\/7433","targetHints":{"allow":["GET"]}}],"collection":[{"href":"https:\/\/atecordoba.org\/index.php?rest_route=\/wp\/v2\/posts"}],"about":[{"href":"https:\/\/atecordoba.org\/index.php?rest_route=\/wp\/v2\/types\/post"}],"author":[{"embeddable":true,"href":"https:\/\/atecordoba.org\/index.php?rest_route=\/wp\/v2\/users\/1"}],"replies":[{"embeddable":true,"href":"https:\/\/atecordoba.org\/index.php?rest_route=%2Fwp%2Fv2%2Fcomments&post=7433"}],"version-history":[{"count":0,"href":"https:\/\/atecordoba.org\/index.php?rest_route=\/wp\/v2\/posts\/7433\/revisions"}],"wp:featuredmedia":[{"embeddable":true,"href":"https:\/\/atecordoba.org\/index.php?rest_route=\/wp\/v2\/media\/19220"}],"wp:attachment":[{"href":"https:\/\/atecordoba.org\/index.php?rest_route=%2Fwp%2Fv2%2Fmedia&parent=7433"}],"wp:term":[{"taxonomy":"category","embeddable":true,"href":"https:\/\/atecordoba.org\/index.php?rest_route=%2Fwp%2Fv2%2Fcategories&post=7433"},{"taxonomy":"post_tag","embeddable":true,"href":"https:\/\/atecordoba.org\/index.php?rest_route=%2Fwp%2Fv2%2Ftags&post=7433"}],"curies":[{"name":"wp","href":"https:\/\/api.w.org\/{rel}","templated":true}]}}