{"id":7428,"date":"2016-10-17T17:28:49","date_gmt":"2016-10-17T20:28:49","guid":{"rendered":"http:\/\/www.atecordoba.org\/?p=7428"},"modified":"2020-06-09T15:39:12","modified_gmt":"2020-06-09T18:39:12","slug":"19-de-octubre-nosotras-paramos","status":"publish","type":"post","link":"https:\/\/atecordoba.org\/?p=7428","title":{"rendered":"19 de Octubre: Nosotras Paramos"},"content":{"rendered":"<p><em>A d\u00edas de concluir el Encuentro Nacional de Mujeres en Rosario, las trabajadoras de ATE junto al colectivo #NiUnaMenos paran y se movilizan el pr\u00f3ximo mi\u00e9rcoles contra la violencia femicida.<\/em><\/p>\n<p><img loading=\"lazy\" decoding=\"async\" class=\"aligncenter size-full wp-image-7429\" src=\"http:\/\/atecordoba.org\/wp-content\/uploads\/2020\/06\/paro-mujeres-e1476736075343.jpg\" alt=\"paro-mujeres\" width=\"550\" height=\"329\" \/><\/p>\n<p>El jueves pasado se realiz\u00f3 una asamblea en la sede de la Confederaci\u00f3n de Trabajadores de la Econom\u00eda Popular (CTEP) de la cual participaron alrededor 50 organizaciones con la presencia de ATE.<\/p>\n<p>ATE C\u00f3rdoba convoca a la jornada de protesta del mi\u00e9rcoles que consistir\u00e1 en un cese de actividades por una hora, entre las 13 y las 14 y se cortar\u00e1 la calle en cada sector de trabajo. Por otro lado, adhiere a la concentraci\u00f3n convocada por otras organizaciones a las 17 hs. en nuestra sede gremial para concurrir luego a Av. Col\u00f3n y Ca\u00f1ada.<\/p>\n<p>La medida de fuerza se lleva adelante en virtud de los continuos hechos que son de p\u00fablico conocimiento caracterizados por la violencia contra las mujeres.<\/p>\n","protected":false},"excerpt":{"rendered":"<p>A d\u00edas de concluir el Encuentro Nacional de Mujeres en Rosario, las trabajadoras de ATE junto al colectivo #NiUnaMenos paran y se movilizan el pr\u00f3ximo mi\u00e9rcoles contra la violencia femicida. El jueves pasado se realiz\u00f3 una asamblea en la sede de la Confederaci\u00f3n de Trabajadores de la Econom\u00eda Popular (CTEP) de la cual participaron alrededor [&hellip;]<\/p>\n","protected":false},"author":1,"featured_media":19220,"comment_status":"open","ping_status":"open","sticky":false,"template":"","format":"standard","meta":{"_exactmetrics_skip_tracking":false,"_exactmetrics_sitenote_active":false,"_exactmetrics_sitenote_note":"","_exactmetrics_sitenote_category":0,"jnews-multi-image_gallery":[],"jnews_single_post":[],"jnews_primary_category":[],"jnews_social_meta":[],"jnews_review":[],"enable_review":"","type":"","name":"","summary":"","brand":"","sku":"","good":[],"bad":[],"score_override":"","override_value":"","rating":[],"price":[],"jnews_override_counter":[],"jnews_post_split":[],"footnotes":""},"categories":[10,75,325],"tags":[],"class_list":["post-7428","post","type-post","status-publish","format-standard","has-post-thumbnail","hentry","category-accion-politica","category-accion-social","category-generos-y-diversidades"],"jetpack_featured_media_url":"https:\/\/atecordoba.org\/wp-content\/uploads\/2020\/05\/logo-nuevochico-e1561581322808.png","_links":{"self":[{"href":"https:\/\/atecordoba.org\/index.php?rest_route=\/wp\/v2\/posts\/7428","targetHints":{"allow":["GET"]}}],"collection":[{"href":"https:\/\/atecordoba.org\/index.php?rest_route=\/wp\/v2\/posts"}],"about":[{"href":"https:\/\/atecordoba.org\/index.php?rest_route=\/wp\/v2\/types\/post"}],"author":[{"embeddable":true,"href":"https:\/\/atecordoba.org\/index.php?rest_route=\/wp\/v2\/users\/1"}],"replies":[{"embeddable":true,"href":"https:\/\/atecordoba.org\/index.php?rest_route=%2Fwp%2Fv2%2Fcomments&post=7428"}],"version-history":[{"count":1,"href":"https:\/\/atecordoba.org\/index.php?rest_route=\/wp\/v2\/posts\/7428\/revisions"}],"predecessor-version":[{"id":20001,"href":"https:\/\/atecordoba.org\/index.php?rest_route=\/wp\/v2\/posts\/7428\/revisions\/20001"}],"wp:featuredmedia":[{"embeddable":true,"href":"https:\/\/atecordoba.org\/index.php?rest_route=\/wp\/v2\/media\/19220"}],"wp:attachment":[{"href":"https:\/\/atecordoba.org\/index.php?rest_route=%2Fwp%2Fv2%2Fmedia&parent=7428"}],"wp:term":[{"taxonomy":"category","embeddable":true,"href":"https:\/\/atecordoba.org\/index.php?rest_route=%2Fwp%2Fv2%2Fcategories&post=7428"},{"taxonomy":"post_tag","embeddable":true,"href":"https:\/\/atecordoba.org\/index.php?rest_route=%2Fwp%2Fv2%2Ftags&post=7428"}],"curies":[{"name":"wp","href":"https:\/\/api.w.org\/{rel}","templated":true}]}}