{"id":7422,"date":"2016-10-17T16:29:45","date_gmt":"2016-10-17T19:29:45","guid":{"rendered":"http:\/\/www.atecordoba.org\/?p=7422"},"modified":"2016-10-17T16:29:45","modified_gmt":"2016-10-17T19:29:45","slug":"hasta-la-victoria-companero-miguel-peyrano","status":"publish","type":"post","link":"https:\/\/atecordoba.org\/?p=7422","title":{"rendered":"\u00a1Hasta la victoria, compa\u00f1ero Miguel Peyrano!"},"content":{"rendered":"<p><em>Lamentamos comunicar el fallecimiento del trabajador de F\u00e1brica Militar y dirigente del Consejo Directivo Nacional de ATE, Miguel Peyrano, quien fue protagonista y actor clave de gran parte de la historia de nuestro sindicato. Sus restos fueron enterrados en el Cementerio El Prado, luego de ser velados en la sede de ATE Rosario.<\/em><\/p>\n<p><img loading=\"lazy\" decoding=\"async\" class=\"aligncenter size-full wp-image-7423\" src=\"http:\/\/www.atecordoba.org\/wp-content\/uploads\/2016\/10\/Peyrano-e1476732570566.jpg\" alt=\"peyrano\" width=\"550\" height=\"275\" \/><\/p>\n<p>Miguel Peyrano fue uno de los fundadores de la Agrupaci\u00f3n ANUSATE, siendo participe de aquellas hist\u00f3ricas reuniones en Casa Nazareth en 1977. Luch\u00f3 codo a codo junto a otros referentes como Germ\u00e1n Abdala, V\u00edctor De Gennaro, H\u00e9ctor Quagliaro y \u201csu amigo y hermano\u201d Jorge Acedo, para recuperar ATE luego del proceso militar.<\/p>\n<p>Durante los &#8217;90 encabez\u00f3 la resistencia contra los embates neoliberales en el contexto que el denominaba como \u201cla segunda d\u00e9cada infame\u201d. &#8220;No s\u00f3lo luchamos por la continuidad sino por la oportunidad de crecer&#8221;, explic\u00f3 el referente en su \u00faltima entrevista al Equipo de Comunicaci\u00f3n de ATE, ante los nuevos atropellos del gobierno de Macri por sobre los trabajadores de Fabricaciones Militares.<\/p>\n<p>Durante el fin de semana, sus restos fueron velados en la sede de ATE Rosario y luego enterrados hoy por la ma\u00f1ana. La Secretaria General de ATE C\u00f3rdoba, Mar\u00eda Liliana Salerno, el Secretario General de la Seccional R\u00edo Tercero, Cristian Colman, el Secretario General de la Seccional Villa Mar\u00eda, Fernando Mercado y el hist\u00f3rico dirigente de ATE, Cacho Mengarelli, estuvieron acompa\u00f1ando las exequias.<\/p>\n<p>Desde ATE C\u00f3rdoba manifestamos nuestro profundo pesar ante la partida de este gran compa\u00f1ero y enviamos un c\u00e1lido y fuerte abrazo a su familia, a sus compa\u00f1eros m\u00e1s cercanos y a sus seres queridos.<\/p>\n","protected":false},"excerpt":{"rendered":"<p>Lamentamos comunicar el fallecimiento del trabajador de F\u00e1brica Militar y dirigente del Consejo Directivo Nacional de ATE, Miguel Peyrano, quien fue protagonista y actor clave de gran parte de la historia de nuestro sindicato. Sus restos fueron enterrados en el Cementerio El Prado, luego de ser velados en la sede de ATE Rosario. Miguel Peyrano [&hellip;]<\/p>\n","protected":false},"author":1,"featured_media":19220,"comment_status":"open","ping_status":"open","sticky":false,"template":"","format":"standard","meta":{"_exactmetrics_skip_tracking":false,"_exactmetrics_sitenote_active":false,"_exactmetrics_sitenote_note":"","_exactmetrics_sitenote_category":0,"jnews-multi-image_gallery":[],"jnews_single_post":[],"jnews_primary_category":[],"jnews_social_meta":[],"jnews_review":[],"enable_review":"","type":"","name":"","summary":"","brand":"","sku":"","good":[],"bad":[],"score_override":"","override_value":"","rating":[],"price":[],"jnews_override_counter":[],"jnews_post_split":[],"footnotes":""},"categories":[1],"tags":[],"class_list":["post-7422","post","type-post","status-publish","format-standard","has-post-thumbnail","hentry","category-sin-categoria"],"jetpack_featured_media_url":"https:\/\/atecordoba.org\/wp-content\/uploads\/2020\/05\/logo-nuevochico-e1561581322808.png","_links":{"self":[{"href":"https:\/\/atecordoba.org\/index.php?rest_route=\/wp\/v2\/posts\/7422","targetHints":{"allow":["GET"]}}],"collection":[{"href":"https:\/\/atecordoba.org\/index.php?rest_route=\/wp\/v2\/posts"}],"about":[{"href":"https:\/\/atecordoba.org\/index.php?rest_route=\/wp\/v2\/types\/post"}],"author":[{"embeddable":true,"href":"https:\/\/atecordoba.org\/index.php?rest_route=\/wp\/v2\/users\/1"}],"replies":[{"embeddable":true,"href":"https:\/\/atecordoba.org\/index.php?rest_route=%2Fwp%2Fv2%2Fcomments&post=7422"}],"version-history":[{"count":0,"href":"https:\/\/atecordoba.org\/index.php?rest_route=\/wp\/v2\/posts\/7422\/revisions"}],"wp:featuredmedia":[{"embeddable":true,"href":"https:\/\/atecordoba.org\/index.php?rest_route=\/wp\/v2\/media\/19220"}],"wp:attachment":[{"href":"https:\/\/atecordoba.org\/index.php?rest_route=%2Fwp%2Fv2%2Fmedia&parent=7422"}],"wp:term":[{"taxonomy":"category","embeddable":true,"href":"https:\/\/atecordoba.org\/index.php?rest_route=%2Fwp%2Fv2%2Fcategories&post=7422"},{"taxonomy":"post_tag","embeddable":true,"href":"https:\/\/atecordoba.org\/index.php?rest_route=%2Fwp%2Fv2%2Ftags&post=7422"}],"curies":[{"name":"wp","href":"https:\/\/api.w.org\/{rel}","templated":true}]}}