{"id":7411,"date":"2016-10-12T18:25:13","date_gmt":"2016-10-12T21:25:13","guid":{"rendered":"http:\/\/www.atecordoba.org\/?p=7411"},"modified":"2016-10-12T18:25:13","modified_gmt":"2016-10-12T21:25:13","slug":"se-realizo-la-primera-jornada-de-formacion-sobre-salud-mental","status":"publish","type":"post","link":"https:\/\/atecordoba.org\/?p=7411","title":{"rendered":"Se realiz\u00f3 la Primera Jornada de Formaci\u00f3n sobre Salud Mental"},"content":{"rendered":"<p><em>La actividad se llev\u00f3 adelante en el Auditorio de la Mutual del MAS y tuvo una duraci\u00f3n de cinco horas.<\/em><\/p>\n<p><img loading=\"lazy\" decoding=\"async\" class=\"aligncenter size-full wp-image-7412\" src=\"http:\/\/www.atecordoba.org\/wp-content\/uploads\/2016\/10\/20161012_143718-e1476307447687.jpg\" alt=\"20161012_143718\" width=\"550\" height=\"309\" \/><br \/>\nCon buena concurrencia de los compa\u00f1eros se desarroll\u00f3 hoy la Primera Jornada de Formaci\u00f3n sobre Salud Mental. Concurrieron trabajadores y trabajadoras de distintos sectores de la Salud, desde administrativos hasta profesionales, provenientes tanto de distintas \u00e1reas de la ciudad de C\u00f3rdoba como del interior provincial.<\/p>\n<p><img loading=\"lazy\" decoding=\"async\" class=\"aligncenter size-full wp-image-7413\" src=\"http:\/\/www.atecordoba.org\/wp-content\/uploads\/2016\/10\/20161012_143740-e1476307456188.jpg\" alt=\"20161012_143740\" width=\"550\" height=\"309\" \/><\/p>\n<p>Los ejes de la jornada fueron: manejo del paciente y su entorno en situaci\u00f3n de crisis y las implicancias y repercusiones de la nueva Ley de Salud Mental. La jornada incluy\u00f3 charlas, debates y discusiones sobre situaciones puntuales de la din\u00e1mica laboral de los compa\u00f1eros. Los asistentes certificaron su participaci\u00f3n y se llevaron material bibliogr\u00e1fico sobre el que se debati\u00f3.<\/p>\n<p>El pr\u00f3ximo encuentro se llevar\u00e1 a cabo en noviembre y el t\u00edtulo ser\u00e1\u00a0\u201cRelato para ahuyentar las nanas\u201d.<\/p>\n","protected":false},"excerpt":{"rendered":"<p>La actividad se llev\u00f3 adelante en el Auditorio de la Mutual del MAS y tuvo una duraci\u00f3n de cinco horas. Con buena concurrencia de los compa\u00f1eros se desarroll\u00f3 hoy la Primera Jornada de Formaci\u00f3n sobre Salud Mental. Concurrieron trabajadores y trabajadoras de distintos sectores de la Salud, desde administrativos hasta profesionales, provenientes tanto de distintas [&hellip;]<\/p>\n","protected":false},"author":1,"featured_media":19220,"comment_status":"open","ping_status":"open","sticky":false,"template":"","format":"standard","meta":{"_exactmetrics_skip_tracking":false,"_exactmetrics_sitenote_active":false,"_exactmetrics_sitenote_note":"","_exactmetrics_sitenote_category":0,"jnews-multi-image_gallery":[],"jnews_single_post":[],"jnews_primary_category":[],"jnews_social_meta":[],"jnews_review":[],"enable_review":"","type":"","name":"","summary":"","brand":"","sku":"","good":[],"bad":[],"score_override":"","override_value":"","rating":[],"price":[],"jnews_override_counter":[],"jnews_post_split":[],"footnotes":""},"categories":[88,102],"tags":[],"class_list":["post-7411","post","type-post","status-publish","format-standard","has-post-thumbnail","hentry","category-formacion","category-salud-2"],"jetpack_featured_media_url":"https:\/\/atecordoba.org\/wp-content\/uploads\/2020\/05\/logo-nuevochico-e1561581322808.png","_links":{"self":[{"href":"https:\/\/atecordoba.org\/index.php?rest_route=\/wp\/v2\/posts\/7411","targetHints":{"allow":["GET"]}}],"collection":[{"href":"https:\/\/atecordoba.org\/index.php?rest_route=\/wp\/v2\/posts"}],"about":[{"href":"https:\/\/atecordoba.org\/index.php?rest_route=\/wp\/v2\/types\/post"}],"author":[{"embeddable":true,"href":"https:\/\/atecordoba.org\/index.php?rest_route=\/wp\/v2\/users\/1"}],"replies":[{"embeddable":true,"href":"https:\/\/atecordoba.org\/index.php?rest_route=%2Fwp%2Fv2%2Fcomments&post=7411"}],"version-history":[{"count":0,"href":"https:\/\/atecordoba.org\/index.php?rest_route=\/wp\/v2\/posts\/7411\/revisions"}],"wp:featuredmedia":[{"embeddable":true,"href":"https:\/\/atecordoba.org\/index.php?rest_route=\/wp\/v2\/media\/19220"}],"wp:attachment":[{"href":"https:\/\/atecordoba.org\/index.php?rest_route=%2Fwp%2Fv2%2Fmedia&parent=7411"}],"wp:term":[{"taxonomy":"category","embeddable":true,"href":"https:\/\/atecordoba.org\/index.php?rest_route=%2Fwp%2Fv2%2Fcategories&post=7411"},{"taxonomy":"post_tag","embeddable":true,"href":"https:\/\/atecordoba.org\/index.php?rest_route=%2Fwp%2Fv2%2Ftags&post=7411"}],"curies":[{"name":"wp","href":"https:\/\/api.w.org\/{rel}","templated":true}]}}