{"id":7407,"date":"2016-10-11T17:41:54","date_gmt":"2016-10-11T20:41:54","guid":{"rendered":"http:\/\/www.atecordoba.org\/?p=7407"},"modified":"2016-10-11T17:41:54","modified_gmt":"2016-10-11T20:41:54","slug":"estado-de-alerta-y-movilizacion-por-actitudes-intimidatorias-en-la-biblioteca-mayor-de-la-unc","status":"publish","type":"post","link":"https:\/\/atecordoba.org\/?p=7407","title":{"rendered":"Estado de alerta y movilizaci\u00f3n por actitudes intimidatorias en la Biblioteca Mayor de la UNC"},"content":{"rendered":"<p><em>Compa\u00f1eros de la Biblioteca Mayor denunciaron que desde la Secretar\u00eda General pidieron un listado de quienes adhirieron al paro del 27 de septiembre, aunque no explicaron para qu\u00e9 necesitaban esa informaci\u00f3n.<\/em><\/p>\n<p><img loading=\"lazy\" decoding=\"async\" class=\"aligncenter size-full wp-image-7408\" src=\"http:\/\/www.atecordoba.org\/wp-content\/uploads\/2016\/10\/WhatsApp-Image-2016-10-11-at-15.35.35-e1476218453688.jpeg\" alt=\"WhatsApp Image 2016-10-11 at 15.35.35\" width=\"550\" height=\"413\" \/><\/p>\n<p>Los compa\u00f1eros de la Biblioteca Mayor se declararon en estado de alerta y movilizaci\u00f3n luego de que desde la Secretar\u00eda General de la UNC solicitaran a la Direcci\u00f3n de la Biblioteca un listado con los nombres de quienes adhirieron al paro nacional convocado por ATE el 27 de septiembre. Los compa\u00f1eros denunciaron p\u00fablicamente mediante un comunicado este hecho de corte persecutorio. Adem\u00e1s, el d\u00eda 6 de octubre se movilizaron a la sede de la Secretar\u00eda General a exigir las razones por las cuales se hab\u00eda solicitado la mencionada lista.<\/p>\n<p>Ante la falta de respuestas concretas, los trabajadores y trabajadoras de la Biblioteca Mayor instalar\u00e1n una carpa en la Manzana Jesu\u00edtica sobre calle Obispo Trejo de 13 a 15 hs. como medida de protesta.<\/p>\n","protected":false},"excerpt":{"rendered":"<p>Compa\u00f1eros de la Biblioteca Mayor denunciaron que desde la Secretar\u00eda General pidieron un listado de quienes adhirieron al paro del 27 de septiembre, aunque no explicaron para qu\u00e9 necesitaban esa informaci\u00f3n. Los compa\u00f1eros de la Biblioteca Mayor se declararon en estado de alerta y movilizaci\u00f3n luego de que desde la Secretar\u00eda General de la UNC [&hellip;]<\/p>\n","protected":false},"author":1,"featured_media":19220,"comment_status":"open","ping_status":"open","sticky":false,"template":"","format":"standard","meta":{"_exactmetrics_skip_tracking":false,"_exactmetrics_sitenote_active":false,"_exactmetrics_sitenote_note":"","_exactmetrics_sitenote_category":0,"jnews-multi-image_gallery":[],"jnews_single_post":[],"jnews_primary_category":[],"jnews_social_meta":[],"jnews_review":[],"enable_review":"","type":"","name":"","summary":"","brand":"","sku":"","good":[],"bad":[],"score_override":"","override_value":"","rating":[],"price":[],"jnews_override_counter":[],"jnews_post_split":[],"footnotes":""},"categories":[89],"tags":[],"class_list":["post-7407","post","type-post","status-publish","format-standard","has-post-thumbnail","hentry","category-unc"],"jetpack_featured_media_url":"https:\/\/atecordoba.org\/wp-content\/uploads\/2020\/05\/logo-nuevochico-e1561581322808.png","_links":{"self":[{"href":"https:\/\/atecordoba.org\/index.php?rest_route=\/wp\/v2\/posts\/7407","targetHints":{"allow":["GET"]}}],"collection":[{"href":"https:\/\/atecordoba.org\/index.php?rest_route=\/wp\/v2\/posts"}],"about":[{"href":"https:\/\/atecordoba.org\/index.php?rest_route=\/wp\/v2\/types\/post"}],"author":[{"embeddable":true,"href":"https:\/\/atecordoba.org\/index.php?rest_route=\/wp\/v2\/users\/1"}],"replies":[{"embeddable":true,"href":"https:\/\/atecordoba.org\/index.php?rest_route=%2Fwp%2Fv2%2Fcomments&post=7407"}],"version-history":[{"count":0,"href":"https:\/\/atecordoba.org\/index.php?rest_route=\/wp\/v2\/posts\/7407\/revisions"}],"wp:featuredmedia":[{"embeddable":true,"href":"https:\/\/atecordoba.org\/index.php?rest_route=\/wp\/v2\/media\/19220"}],"wp:attachment":[{"href":"https:\/\/atecordoba.org\/index.php?rest_route=%2Fwp%2Fv2%2Fmedia&parent=7407"}],"wp:term":[{"taxonomy":"category","embeddable":true,"href":"https:\/\/atecordoba.org\/index.php?rest_route=%2Fwp%2Fv2%2Fcategories&post=7407"},{"taxonomy":"post_tag","embeddable":true,"href":"https:\/\/atecordoba.org\/index.php?rest_route=%2Fwp%2Fv2%2Ftags&post=7407"}],"curies":[{"name":"wp","href":"https:\/\/api.w.org\/{rel}","templated":true}]}}