{"id":7403,"date":"2016-10-07T16:51:24","date_gmt":"2016-10-07T19:51:24","guid":{"rendered":"http:\/\/www.atecordoba.org\/?p=7403"},"modified":"2016-10-07T16:51:24","modified_gmt":"2016-10-07T19:51:24","slug":"ate-saluda-a-los-trabajadores-civiles-de-las-ffaa-en-su-dia","status":"publish","type":"post","link":"https:\/\/atecordoba.org\/?p=7403","title":{"rendered":"ATE saluda a los trabajadores civiles de las FFAA en su d\u00eda"},"content":{"rendered":"<p><em>Por primera vez los trabajadores festejan su d\u00eda de manera oficial, luego de una resoluci\u00f3n del Ministerio de Defensa que reconoci\u00f3 la conmemoraci\u00f3n.<\/em><\/p>\n<p><img loading=\"lazy\" decoding=\"async\" class=\"aligncenter size-full wp-image-7404\" src=\"http:\/\/www.atecordoba.org\/wp-content\/uploads\/2016\/10\/23_civiles-ffaa_marcha-bs-as-e1475869867923.jpg\" alt=\"23_civiles ffaa_marcha bs as\" width=\"550\" height=\"413\" \/><\/p>\n<p>Una resoluci\u00f3n del Ministerio de Defensa de la Naci\u00f3n firmado el 26 de septiembre de este a\u00f1o instituye el 7 de octubre como \u201cD\u00eda del trabajador y la trabajadora civil y docente civil de las Fuerzas Armadas\u201d. Es un sector que nuclea a alrededor de 20.000 trabajadores y trabajadoras a lo largo y ancho de nuestro pa\u00eds.<\/p>\n<p>La fecha recuerda el 7 de octubre de 1965, alrededor de 2000 trabajadores y trabajadoras civiles de las FFAA se congregaron frente al Congreso nacional para hacer entrega de un petitorio con el objetivo de lograr un escalaf\u00f3n propio para el \u00e1mbito al cual pertenec\u00edan. Esa movilizaci\u00f3n fue el puntapi\u00e9 inicial para lograr ese objetivo y luego, mediante la lucha de los trabajadores, suscribir por primera vez el convenio colectivo de trabajo del sector.<\/p>\n<p>Por todo esto, el Consejo Directivo Provincial de ATE C\u00f3rdoba saluda a los compa\u00f1eros trabajadores y trabajadoras civiles, docentes civiles y personal del IOSFA, y les desea un muy feliz d\u00eda.<\/p>\n","protected":false},"excerpt":{"rendered":"<p>Por primera vez los trabajadores festejan su d\u00eda de manera oficial, luego de una resoluci\u00f3n del Ministerio de Defensa que reconoci\u00f3 la conmemoraci\u00f3n. Una resoluci\u00f3n del Ministerio de Defensa de la Naci\u00f3n firmado el 26 de septiembre de este a\u00f1o instituye el 7 de octubre como \u201cD\u00eda del trabajador y la trabajadora civil y docente [&hellip;]<\/p>\n","protected":false},"author":1,"featured_media":19220,"comment_status":"open","ping_status":"open","sticky":false,"template":"","format":"standard","meta":{"_exactmetrics_skip_tracking":false,"_exactmetrics_sitenote_active":false,"_exactmetrics_sitenote_note":"","_exactmetrics_sitenote_category":0,"jnews-multi-image_gallery":[],"jnews_single_post":[],"jnews_primary_category":[],"jnews_social_meta":[],"jnews_review":[],"enable_review":"","type":"","name":"","summary":"","brand":"","sku":"","good":[],"bad":[],"score_override":"","override_value":"","rating":[],"price":[],"jnews_override_counter":[],"jnews_post_split":[],"footnotes":""},"categories":[9],"tags":[],"class_list":["post-7403","post","type-post","status-publish","format-standard","has-post-thumbnail","hentry","category-trabajadores-civiles-ff-aa"],"jetpack_featured_media_url":"https:\/\/atecordoba.org\/wp-content\/uploads\/2020\/05\/logo-nuevochico-e1561581322808.png","_links":{"self":[{"href":"https:\/\/atecordoba.org\/index.php?rest_route=\/wp\/v2\/posts\/7403","targetHints":{"allow":["GET"]}}],"collection":[{"href":"https:\/\/atecordoba.org\/index.php?rest_route=\/wp\/v2\/posts"}],"about":[{"href":"https:\/\/atecordoba.org\/index.php?rest_route=\/wp\/v2\/types\/post"}],"author":[{"embeddable":true,"href":"https:\/\/atecordoba.org\/index.php?rest_route=\/wp\/v2\/users\/1"}],"replies":[{"embeddable":true,"href":"https:\/\/atecordoba.org\/index.php?rest_route=%2Fwp%2Fv2%2Fcomments&post=7403"}],"version-history":[{"count":0,"href":"https:\/\/atecordoba.org\/index.php?rest_route=\/wp\/v2\/posts\/7403\/revisions"}],"wp:featuredmedia":[{"embeddable":true,"href":"https:\/\/atecordoba.org\/index.php?rest_route=\/wp\/v2\/media\/19220"}],"wp:attachment":[{"href":"https:\/\/atecordoba.org\/index.php?rest_route=%2Fwp%2Fv2%2Fmedia&parent=7403"}],"wp:term":[{"taxonomy":"category","embeddable":true,"href":"https:\/\/atecordoba.org\/index.php?rest_route=%2Fwp%2Fv2%2Fcategories&post=7403"},{"taxonomy":"post_tag","embeddable":true,"href":"https:\/\/atecordoba.org\/index.php?rest_route=%2Fwp%2Fv2%2Ftags&post=7403"}],"curies":[{"name":"wp","href":"https:\/\/api.w.org\/{rel}","templated":true}]}}