{"id":7398,"date":"2016-10-06T18:31:41","date_gmt":"2016-10-06T21:31:41","guid":{"rendered":"http:\/\/www.atecordoba.org\/?p=7398"},"modified":"2016-10-06T18:31:41","modified_gmt":"2016-10-06T21:31:41","slug":"ate-invita-a-la-jornada-de-formacion-sobre-salud-mental","status":"publish","type":"post","link":"https:\/\/atecordoba.org\/?p=7398","title":{"rendered":"ATE invita a la Jornada de Formaci\u00f3n sobre Salud Mental"},"content":{"rendered":"<p style=\"text-align: center;\"><em>Se llevar\u00e1 a cabo el mi\u00e9rcoles 12 de octubre y tendr\u00e1 distintos ejes de trabajo, con un gran peso sobre la nueva Ley de Salud Mental.<\/em><\/p>\n<p style=\"text-align: center;\"><img loading=\"lazy\" decoding=\"async\" class=\"aligncenter size-full wp-image-7399\" src=\"http:\/\/www.atecordoba.org\/wp-content\/uploads\/2016\/10\/20161006_170716-e1475789074303.jpg\" alt=\"20161006_170716\" width=\"550\" height=\"309\" \/><\/p>\n<p>El Consejo Directivo Provincial invita a la Jornada de Formaci\u00f3n sobre Salud Mental que tendr\u00e1n lugar el 12 de octubre en el Auditorio de la Mutual del MAS \u2013ubicado en Entre R\u00edos 362\u2013 de 10 a 15 hs. La actividad es gratuita y se acredita en el lugar.<\/p>\n<p>Los ejes tem\u00e1ticos ser\u00e1n:<\/p>\n<ul>\n<li>Manejo del paciente y su entorno en situaci\u00f3n de crisis.<\/li>\n<li>Abordar el tema: la nueva Ley de Salud Mental (26.657). Implicancias y repercusiones.<\/li>\n<\/ul>\n<p>Respecto a la Ley Nacional de Salud Mental, se tratar\u00e1n los desaf\u00edos de su implementaci\u00f3n y la organizaci\u00f3n y el protagonismo de los trabajadores en este proceso. Tambi\u00e9n se har\u00e1 foco en la construcci\u00f3n de una red de servicios en la comunidad.<\/p>\n<p>Por otra parte se presentar\u00e1 el cuadernillo titulado \u201cLas almas repudian todo encierro\u201d.<\/p>\n","protected":false},"excerpt":{"rendered":"<p>Se llevar\u00e1 a cabo el mi\u00e9rcoles 12 de octubre y tendr\u00e1 distintos ejes de trabajo, con un gran peso sobre la nueva Ley de Salud Mental. El Consejo Directivo Provincial invita a la Jornada de Formaci\u00f3n sobre Salud Mental que tendr\u00e1n lugar el 12 de octubre en el Auditorio de la Mutual del MAS \u2013ubicado [&hellip;]<\/p>\n","protected":false},"author":1,"featured_media":19220,"comment_status":"open","ping_status":"open","sticky":false,"template":"","format":"standard","meta":{"_exactmetrics_skip_tracking":false,"_exactmetrics_sitenote_active":false,"_exactmetrics_sitenote_note":"","_exactmetrics_sitenote_category":0,"jnews-multi-image_gallery":[],"jnews_single_post":[],"jnews_primary_category":[],"jnews_social_meta":[],"jnews_review":[],"enable_review":"","type":"","name":"","summary":"","brand":"","sku":"","good":[],"bad":[],"score_override":"","override_value":"","rating":[],"price":[],"jnews_override_counter":[],"jnews_post_split":[],"footnotes":""},"categories":[88,102],"tags":[],"class_list":["post-7398","post","type-post","status-publish","format-standard","has-post-thumbnail","hentry","category-formacion","category-salud-2"],"jetpack_featured_media_url":"https:\/\/atecordoba.org\/wp-content\/uploads\/2020\/05\/logo-nuevochico-e1561581322808.png","_links":{"self":[{"href":"https:\/\/atecordoba.org\/index.php?rest_route=\/wp\/v2\/posts\/7398","targetHints":{"allow":["GET"]}}],"collection":[{"href":"https:\/\/atecordoba.org\/index.php?rest_route=\/wp\/v2\/posts"}],"about":[{"href":"https:\/\/atecordoba.org\/index.php?rest_route=\/wp\/v2\/types\/post"}],"author":[{"embeddable":true,"href":"https:\/\/atecordoba.org\/index.php?rest_route=\/wp\/v2\/users\/1"}],"replies":[{"embeddable":true,"href":"https:\/\/atecordoba.org\/index.php?rest_route=%2Fwp%2Fv2%2Fcomments&post=7398"}],"version-history":[{"count":0,"href":"https:\/\/atecordoba.org\/index.php?rest_route=\/wp\/v2\/posts\/7398\/revisions"}],"wp:featuredmedia":[{"embeddable":true,"href":"https:\/\/atecordoba.org\/index.php?rest_route=\/wp\/v2\/media\/19220"}],"wp:attachment":[{"href":"https:\/\/atecordoba.org\/index.php?rest_route=%2Fwp%2Fv2%2Fmedia&parent=7398"}],"wp:term":[{"taxonomy":"category","embeddable":true,"href":"https:\/\/atecordoba.org\/index.php?rest_route=%2Fwp%2Fv2%2Fcategories&post=7398"},{"taxonomy":"post_tag","embeddable":true,"href":"https:\/\/atecordoba.org\/index.php?rest_route=%2Fwp%2Fv2%2Ftags&post=7398"}],"curies":[{"name":"wp","href":"https:\/\/api.w.org\/{rel}","templated":true}]}}