{"id":7393,"date":"2016-10-06T16:17:57","date_gmt":"2016-10-06T19:17:57","guid":{"rendered":"http:\/\/www.atecordoba.org\/?p=7393"},"modified":"2016-10-06T16:17:57","modified_gmt":"2016-10-06T19:17:57","slug":"ate-acompano-la-marcha-blanca","status":"publish","type":"post","link":"https:\/\/atecordoba.org\/?p=7393","title":{"rendered":"ATE acompa\u00f1\u00f3 la marcha blanca"},"content":{"rendered":"<p><em>Nuestro gremio, a trav\u00e9s de sus cuerpos org\u00e1nicos, particip\u00f3 del reclamo de los trabajadores de la salud provincial.<\/em><\/p>\n<p><img loading=\"lazy\" decoding=\"async\" class=\"aligncenter size-full wp-image-7395\" src=\"http:\/\/www.atecordoba.org\/wp-content\/uploads\/2016\/10\/WhatsApp-Image-2016-10-06-at-14.36.24-1-e1475781256536.jpeg\" alt=\"WhatsApp Image 2016-10-06 at 14.36.24\" width=\"550\" height=\"309\" \/><\/p>\n<p>La marcha blanca llevada a cabo en la jornada de hoy cont\u00f3 con el acompa\u00f1amiento de distintos gremios y algunas fuerzas pol\u00edticas opositoras al actual gobierno provincial. ATE estuvo presente con sus cuerpos org\u00e1nicos acompa\u00f1ando los reclamos de los compa\u00f1eros del sector salud. La movilizaci\u00f3n parti\u00f3 del Polo Sanitario y se dirigi\u00f3 hacia el Centro C\u00edvico, donde hicieron uso de la palabra representantes de los distintos sectores.<\/p>\n<p><img loading=\"lazy\" decoding=\"async\" class=\"aligncenter size-full wp-image-7396\" src=\"http:\/\/www.atecordoba.org\/wp-content\/uploads\/2016\/10\/WhatsApp-Image-2016-10-06-at-14.36.09-1-e1475781459310.jpg\" alt=\"WhatsApp Image 2016-10-06 at 14.36.09 (1)\" width=\"550\" height=\"347\" \/><\/p>\n<p>Los reclamos que motivaron la medida se enfocan en el pedido de inmediata reapertura de paritarias, reincorporaci\u00f3n de trabajadores despedidos, pase a planta permanente, 82% m\u00f3vil y repchazo al bono que, extraoficialmente y seg\u00fan trascendidos period\u00edsticos, el gobierno provincial ofrecer\u00eda a los trabajadores.\u00a0 Durante la jornada se acord\u00f3 la continuidad de la lucha en las pr\u00f3ximas semanas de manera conjunta entre las distintas organizaciones.<\/p>\n","protected":false},"excerpt":{"rendered":"<p>Nuestro gremio, a trav\u00e9s de sus cuerpos org\u00e1nicos, particip\u00f3 del reclamo de los trabajadores de la salud provincial. La marcha blanca llevada a cabo en la jornada de hoy cont\u00f3 con el acompa\u00f1amiento de distintos gremios y algunas fuerzas pol\u00edticas opositoras al actual gobierno provincial. ATE estuvo presente con sus cuerpos org\u00e1nicos acompa\u00f1ando los reclamos [&hellip;]<\/p>\n","protected":false},"author":1,"featured_media":19220,"comment_status":"open","ping_status":"open","sticky":false,"template":"","format":"standard","meta":{"_exactmetrics_skip_tracking":false,"_exactmetrics_sitenote_active":false,"_exactmetrics_sitenote_note":"","_exactmetrics_sitenote_category":0,"jnews-multi-image_gallery":[],"jnews_single_post":[],"jnews_primary_category":[],"jnews_social_meta":[],"jnews_review":[],"enable_review":"","type":"","name":"","summary":"","brand":"","sku":"","good":[],"bad":[],"score_override":"","override_value":"","rating":[],"price":[],"jnews_override_counter":[],"jnews_post_split":[],"footnotes":""},"categories":[102],"tags":[],"class_list":["post-7393","post","type-post","status-publish","format-standard","has-post-thumbnail","hentry","category-salud-2"],"jetpack_featured_media_url":"https:\/\/atecordoba.org\/wp-content\/uploads\/2020\/05\/logo-nuevochico-e1561581322808.png","_links":{"self":[{"href":"https:\/\/atecordoba.org\/index.php?rest_route=\/wp\/v2\/posts\/7393","targetHints":{"allow":["GET"]}}],"collection":[{"href":"https:\/\/atecordoba.org\/index.php?rest_route=\/wp\/v2\/posts"}],"about":[{"href":"https:\/\/atecordoba.org\/index.php?rest_route=\/wp\/v2\/types\/post"}],"author":[{"embeddable":true,"href":"https:\/\/atecordoba.org\/index.php?rest_route=\/wp\/v2\/users\/1"}],"replies":[{"embeddable":true,"href":"https:\/\/atecordoba.org\/index.php?rest_route=%2Fwp%2Fv2%2Fcomments&post=7393"}],"version-history":[{"count":0,"href":"https:\/\/atecordoba.org\/index.php?rest_route=\/wp\/v2\/posts\/7393\/revisions"}],"wp:featuredmedia":[{"embeddable":true,"href":"https:\/\/atecordoba.org\/index.php?rest_route=\/wp\/v2\/media\/19220"}],"wp:attachment":[{"href":"https:\/\/atecordoba.org\/index.php?rest_route=%2Fwp%2Fv2%2Fmedia&parent=7393"}],"wp:term":[{"taxonomy":"category","embeddable":true,"href":"https:\/\/atecordoba.org\/index.php?rest_route=%2Fwp%2Fv2%2Fcategories&post=7393"},{"taxonomy":"post_tag","embeddable":true,"href":"https:\/\/atecordoba.org\/index.php?rest_route=%2Fwp%2Fv2%2Ftags&post=7393"}],"curies":[{"name":"wp","href":"https:\/\/api.w.org\/{rel}","templated":true}]}}