{"id":7391,"date":"2016-10-05T15:13:10","date_gmt":"2016-10-05T18:13:10","guid":{"rendered":"http:\/\/www.atecordoba.org\/?p=7391"},"modified":"2016-10-05T15:13:10","modified_gmt":"2016-10-05T18:13:10","slug":"convocatoria-a-cuerpos-organicos","status":"publish","type":"post","link":"https:\/\/atecordoba.org\/?p=7391","title":{"rendered":"Convocatoria a cuerpos org\u00e1nicos"},"content":{"rendered":"<p>El Consejo Directivo Provincial cita a todos los delegados nacionales, provinciales y municipales a concurrir a la sede gremial \u2013Entre R\u00edos 450\u2013 ma\u00f1ana jueves 6 del corriente a las 10 hs. a los fines de que acompa\u00f1ar la Marcha Blanca que se llevar\u00e1 a cabo en el Polo Sanitario.<\/p>\n<p>Por otra parte, convocamos para el 7 de octubre a la Marcha en Defensa de la Salud Mental. La concentraci\u00f3n ser\u00e1 en nuestra sede gremial a las 17 hs. para confluir con el resto de las organizaciones en la esquina de Av. Col\u00f3n y Gral. Paz.<\/p>\n<p>Agradecemos su presencia,<\/p>\n<p style=\"text-align: right;\">Mar\u00eda Liliana Salerno<\/p>\n<p style=\"text-align: right;\">Secretaria General<\/p>\n","protected":false},"excerpt":{"rendered":"<p>El Consejo Directivo Provincial cita a todos los delegados nacionales, provinciales y municipales a concurrir a la sede gremial \u2013Entre R\u00edos 450\u2013 ma\u00f1ana jueves 6 del corriente a las 10 hs. a los fines de que acompa\u00f1ar la Marcha Blanca que se llevar\u00e1 a cabo en el Polo Sanitario. Por otra parte, convocamos para el [&hellip;]<\/p>\n","protected":false},"author":1,"featured_media":19220,"comment_status":"open","ping_status":"open","sticky":false,"template":"","format":"standard","meta":{"_exactmetrics_skip_tracking":false,"_exactmetrics_sitenote_active":false,"_exactmetrics_sitenote_note":"","_exactmetrics_sitenote_category":0,"jnews-multi-image_gallery":[],"jnews_single_post":[],"jnews_primary_category":[],"jnews_social_meta":[],"jnews_review":[],"enable_review":"","type":"","name":"","summary":"","brand":"","sku":"","good":[],"bad":[],"score_override":"","override_value":"","rating":[],"price":[],"jnews_override_counter":[],"jnews_post_split":[],"footnotes":""},"categories":[10,102],"tags":[],"class_list":["post-7391","post","type-post","status-publish","format-standard","has-post-thumbnail","hentry","category-accion-politica","category-salud-2"],"jetpack_featured_media_url":"https:\/\/atecordoba.org\/wp-content\/uploads\/2020\/05\/logo-nuevochico-e1561581322808.png","_links":{"self":[{"href":"https:\/\/atecordoba.org\/index.php?rest_route=\/wp\/v2\/posts\/7391","targetHints":{"allow":["GET"]}}],"collection":[{"href":"https:\/\/atecordoba.org\/index.php?rest_route=\/wp\/v2\/posts"}],"about":[{"href":"https:\/\/atecordoba.org\/index.php?rest_route=\/wp\/v2\/types\/post"}],"author":[{"embeddable":true,"href":"https:\/\/atecordoba.org\/index.php?rest_route=\/wp\/v2\/users\/1"}],"replies":[{"embeddable":true,"href":"https:\/\/atecordoba.org\/index.php?rest_route=%2Fwp%2Fv2%2Fcomments&post=7391"}],"version-history":[{"count":0,"href":"https:\/\/atecordoba.org\/index.php?rest_route=\/wp\/v2\/posts\/7391\/revisions"}],"wp:featuredmedia":[{"embeddable":true,"href":"https:\/\/atecordoba.org\/index.php?rest_route=\/wp\/v2\/media\/19220"}],"wp:attachment":[{"href":"https:\/\/atecordoba.org\/index.php?rest_route=%2Fwp%2Fv2%2Fmedia&parent=7391"}],"wp:term":[{"taxonomy":"category","embeddable":true,"href":"https:\/\/atecordoba.org\/index.php?rest_route=%2Fwp%2Fv2%2Fcategories&post=7391"},{"taxonomy":"post_tag","embeddable":true,"href":"https:\/\/atecordoba.org\/index.php?rest_route=%2Fwp%2Fv2%2Ftags&post=7391"}],"curies":[{"name":"wp","href":"https:\/\/api.w.org\/{rel}","templated":true}]}}