{"id":7380,"date":"2016-09-29T18:05:19","date_gmt":"2016-09-29T21:05:19","guid":{"rendered":"http:\/\/www.atecordoba.org\/?p=7380"},"modified":"2016-09-29T18:05:19","modified_gmt":"2016-09-29T21:05:19","slug":"trabajadores-de-las-obras-sociales-de-las-ffaa-consiguen-aumento","status":"publish","type":"post","link":"https:\/\/atecordoba.org\/?p=7380","title":{"rendered":"Trabajadores de las obras sociales de las FFAA consiguen aumento"},"content":{"rendered":"<p><em>Es uno de los reclamos que vienen llevando adelante los trabajadores de IOSE y que se confirm\u00f3 con la firma de un acta acuerdo en la jornada de ayer.<\/em><\/p>\n<p><img loading=\"lazy\" decoding=\"async\" class=\"aligncenter size-full wp-image-7370\" src=\"http:\/\/www.atecordoba.org\/wp-content\/uploads\/2016\/09\/IMG-20160819-WA0056-e1474923978139.jpg\" alt=\"IMG-20160819-WA0056\" width=\"550\" height=\"310\" \/><\/p>\n<p>Trabajadores de las obras sociales de las FFAA comenzar\u00e1n a percibir un importante aumento no remunerativo y no bonificable hasta que sean reencasillados seg\u00fan el nuevo convenio. Este aumento incluye tanto a los compa\u00f1eros de IOSE como a DIBA y DIBPFA.<\/p>\n<p>El aumento se consigui\u00f3 gracias al incansable esfuerzo y la lucha de los compa\u00f1eros de ATE en IOSE y formaba parte de una serie de reclamos que desde hace varios meses los trabajadores ven\u00edan haciendo escuchar. Las medidas recrudecieron luego de que el directorio negara un acta acuerdo anterior, firmada el d\u00eda 5 de agosto. Estos m\u00e1s de 5 meses de lucha incluyeron aproximadamente 45 d\u00edas de paro y 6 marchas con cortes en Capital Federal, donde siempre hubo compa\u00f1eros de C\u00f3rdoba en representaci\u00f3n.<\/p>\n<p>Los compa\u00f1eros todav\u00eda est\u00e1n a la espera de que finalmente el gobierno le d\u00e9 valor a la unidad retributiva del convenio colectivo de trabajo. Por \u00faltimo, el pase a planta de los compa\u00f1eros que ganaron los concursos el a\u00f1o pasado \u2013otro de los reclamos que se estaban realizando\u2013 est\u00e1 pr\u00f3ximo a concretarse seg\u00fan prometieron desde el directorio.<\/p>\n<p>&nbsp;<\/p>\n","protected":false},"excerpt":{"rendered":"<p>Es uno de los reclamos que vienen llevando adelante los trabajadores de IOSE y que se confirm\u00f3 con la firma de un acta acuerdo en la jornada de ayer. Trabajadores de las obras sociales de las FFAA comenzar\u00e1n a percibir un importante aumento no remunerativo y no bonificable hasta que sean reencasillados seg\u00fan el nuevo [&hellip;]<\/p>\n","protected":false},"author":1,"featured_media":19220,"comment_status":"open","ping_status":"open","sticky":false,"template":"","format":"standard","meta":{"_exactmetrics_skip_tracking":false,"_exactmetrics_sitenote_active":false,"_exactmetrics_sitenote_note":"","_exactmetrics_sitenote_category":0,"jnews-multi-image_gallery":[],"jnews_single_post":[],"jnews_primary_category":[],"jnews_social_meta":[],"jnews_review":[],"enable_review":"","type":"","name":"","summary":"","brand":"","sku":"","good":[],"bad":[],"score_override":"","override_value":"","rating":[],"price":[],"jnews_override_counter":[],"jnews_post_split":[],"footnotes":""},"categories":[1],"tags":[],"class_list":["post-7380","post","type-post","status-publish","format-standard","has-post-thumbnail","hentry","category-sin-categoria"],"jetpack_featured_media_url":"https:\/\/atecordoba.org\/wp-content\/uploads\/2020\/05\/logo-nuevochico-e1561581322808.png","_links":{"self":[{"href":"https:\/\/atecordoba.org\/index.php?rest_route=\/wp\/v2\/posts\/7380","targetHints":{"allow":["GET"]}}],"collection":[{"href":"https:\/\/atecordoba.org\/index.php?rest_route=\/wp\/v2\/posts"}],"about":[{"href":"https:\/\/atecordoba.org\/index.php?rest_route=\/wp\/v2\/types\/post"}],"author":[{"embeddable":true,"href":"https:\/\/atecordoba.org\/index.php?rest_route=\/wp\/v2\/users\/1"}],"replies":[{"embeddable":true,"href":"https:\/\/atecordoba.org\/index.php?rest_route=%2Fwp%2Fv2%2Fcomments&post=7380"}],"version-history":[{"count":0,"href":"https:\/\/atecordoba.org\/index.php?rest_route=\/wp\/v2\/posts\/7380\/revisions"}],"wp:featuredmedia":[{"embeddable":true,"href":"https:\/\/atecordoba.org\/index.php?rest_route=\/wp\/v2\/media\/19220"}],"wp:attachment":[{"href":"https:\/\/atecordoba.org\/index.php?rest_route=%2Fwp%2Fv2%2Fmedia&parent=7380"}],"wp:term":[{"taxonomy":"category","embeddable":true,"href":"https:\/\/atecordoba.org\/index.php?rest_route=%2Fwp%2Fv2%2Fcategories&post=7380"},{"taxonomy":"post_tag","embeddable":true,"href":"https:\/\/atecordoba.org\/index.php?rest_route=%2Fwp%2Fv2%2Ftags&post=7380"}],"curies":[{"name":"wp","href":"https:\/\/api.w.org\/{rel}","templated":true}]}}