{"id":7373,"date":"2016-09-28T18:25:23","date_gmt":"2016-09-28T21:25:23","guid":{"rendered":"http:\/\/www.atecordoba.org\/?p=7373"},"modified":"2016-09-28T18:25:23","modified_gmt":"2016-09-28T21:25:23","slug":"masiva-marcha-de-ate-en-plaza-san-martin","status":"publish","type":"post","link":"https:\/\/atecordoba.org\/?p=7373","title":{"rendered":"Masiva marcha de ATE en Plaza San Mart\u00edn"},"content":{"rendered":"<p style=\"text-align: center;\"><em>Con muy buena concurrencia se realiz\u00f3 ayer un importante acto en Plaza San Mart\u00edn en el marco del paro nacional convocado por nuestro gremio.<\/em><\/p>\n<p style=\"text-align: center;\"><img loading=\"lazy\" decoding=\"async\" class=\"aligncenter size-full wp-image-7374\" src=\"http:\/\/www.atecordoba.org\/wp-content\/uploads\/2016\/09\/WhatsApp-Image-2016-09-28-at-18.07.23-e1475097407117.jpeg\" alt=\"WhatsApp Image 2016-09-28 at 18.07.23\" width=\"550\" height=\"405\" \/><\/p>\n<p>La jornada de protesta convocada por ATE fue un verdadero \u00e9xito por el alto acatamiento por parte de los trabajadores y por la unidad de los distintos gremios en lucha. De la concentraci\u00f3n participaron las distintas reparticiones de Capital a las que se sumaron seccionales y delegaciones municipales del interior.<\/p>\n<p>Del \u00e1mbito nacional, hubo representantes del Ministerio de Desarrollo Social, CNC, PAMI, ANSES, trabajadores civiles de las FFAA, Secretar\u00eda Agropecuaria Familiar, ANAC, UNC, Laboratorio de Hemoderivados, trabajadores civiles de Gendarmer\u00eda, Ministerio de Trabajo, INTI, ex ONCA, CNEA y Dioxitek.<\/p>\n<p><img loading=\"lazy\" decoding=\"async\" class=\"aligncenter size-full wp-image-7376\" src=\"http:\/\/www.atecordoba.org\/wp-content\/uploads\/2016\/09\/20160927_112541-e1475097747426.jpg\" alt=\"20160927_112541\" width=\"550\" height=\"309\" \/><\/p>\n<p>Por el lado de los provinciales, estuvieron compa\u00f1eros del Ministerio de Educaci\u00f3n, SENAF, Hospital C\u00f3rdoba, Hospital Misericordia, Hospital Materno Neonatal, Hospital Tr\u00e1nsito C\u00e1ceres de Allende, Hospital de Ni\u00f1os, Hospital Pedi\u00e1trico, Maternidad Provincial, Hospital Florencio D\u00edaz, IPAD, Hospital Neuropsiqui\u00e1trico y M\u00e9dicos Comunitarios.<\/p>\n<p>Desde el interior llegaron para acompa\u00f1ar la protesta representantes de la Seccional R\u00edo Tercero y las delegaciones de Alta Gracia, San Carlos Minas, Cruz del Eje, San Marcos Sierra, Unquillo, Salsipuedes, Salsacate y San Francisco.<\/p>\n<p><img loading=\"lazy\" decoding=\"async\" class=\"aligncenter size-full wp-image-7375\" src=\"http:\/\/www.atecordoba.org\/wp-content\/uploads\/2016\/09\/20160927_110923-e1475097735444.jpg\" alt=\"20160927_110923\" width=\"550\" height=\"309\" \/><br \/>\nDesde ATE planteamos la unidad de acci\u00f3n en la calle por las reivindicaciones planteadas: reapertura de la discusi\u00f3n salarial, pase a planta permanente, reincorporaci\u00f3n de los trabajadores despedidos, defensa del sistema previsional y la Caja de Jubilaciones y el rechazo a la Tercera Reforma del Estado.<\/p>\n<p>En el acto, desarrollado en Plaza San Mart\u00edn, m\u00e1s precisamente sobre calle 27 de abril, la Secretaria General de ATE, Mar\u00eda Liliana Salerno, destac\u00f3: \u201cQueremos la unidad. La calle no es de nadie, es de los trabajadores. Podemos esperar a la CGT hasta el d\u00eda en que ellos han programado. Pero nosotros no nos podemos parar, la lucha es hoy, no podemos retroceder ni un paso. En los organismos del Estado hay un mont\u00f3n de contratos que se caen el 31 de diciembre\u201d. En el final de su alocuci\u00f3n, Salerno reafirm\u00f3 la voluntad de formar parte de una posible medida convocada por las centrales obreras: \u201cSi el mes que viene hay un paro que determine la CGT y somos convocados, iremos en unidad\u201d, manifest\u00f3.<\/p>\n<div class=\"epyt-video-wrapper\"><iframe loading=\"lazy\"  style=\"display: block; margin: 0px auto;\"  id=\"_ytid_77743\"  width=\"480\" height=\"270\"  data-origwidth=\"480\" data-origheight=\"270\" src=\"https:\/\/www.youtube.com\/embed\/RoutQWeyzx8?enablejsapi=1&#038;autoplay=0&#038;cc_load_policy=0&#038;cc_lang_pref=&#038;iv_load_policy=3&#038;loop=0&#038;rel=0&#038;fs=1&#038;playsinline=0&#038;autohide=2&#038;theme=dark&#038;color=red&#038;controls=1&#038;disablekb=0&#038;\" class=\"__youtube_prefs__  epyt-is-override  no-lazyload\" title=\"YouTube player\"  allow=\"fullscreen; accelerometer; autoplay; clipboard-write; encrypted-media; gyroscope; picture-in-picture; web-share\" referrerpolicy=\"strict-origin-when-cross-origin\" allowfullscreen data-no-lazy=\"1\" data-skipgform_ajax_framebjll=\"\"><\/iframe><\/div>\n","protected":false},"excerpt":{"rendered":"<p>Con muy buena concurrencia se realiz\u00f3 ayer un importante acto en Plaza San Mart\u00edn en el marco del paro nacional convocado por nuestro gremio. La jornada de protesta convocada por ATE fue un verdadero \u00e9xito por el alto acatamiento por parte de los trabajadores y por la unidad de los distintos gremios en lucha. De [&hellip;]<\/p>\n","protected":false},"author":1,"featured_media":19220,"comment_status":"open","ping_status":"open","sticky":false,"template":"","format":"standard","meta":{"_exactmetrics_skip_tracking":false,"_exactmetrics_sitenote_active":false,"_exactmetrics_sitenote_note":"","_exactmetrics_sitenote_category":0,"jnews-multi-image_gallery":[],"jnews_single_post":[],"jnews_primary_category":[],"jnews_social_meta":[],"jnews_review":[],"enable_review":"","type":"","name":"","summary":"","brand":"","sku":"","good":[],"bad":[],"score_override":"","override_value":"","rating":[],"price":[],"jnews_override_counter":[],"jnews_post_split":[],"footnotes":""},"categories":[18,21],"tags":[],"class_list":["post-7373","post","type-post","status-publish","format-standard","has-post-thumbnail","hentry","category-nacionales","category-paro-nacional"],"jetpack_featured_media_url":"https:\/\/atecordoba.org\/wp-content\/uploads\/2020\/05\/logo-nuevochico-e1561581322808.png","_links":{"self":[{"href":"https:\/\/atecordoba.org\/index.php?rest_route=\/wp\/v2\/posts\/7373","targetHints":{"allow":["GET"]}}],"collection":[{"href":"https:\/\/atecordoba.org\/index.php?rest_route=\/wp\/v2\/posts"}],"about":[{"href":"https:\/\/atecordoba.org\/index.php?rest_route=\/wp\/v2\/types\/post"}],"author":[{"embeddable":true,"href":"https:\/\/atecordoba.org\/index.php?rest_route=\/wp\/v2\/users\/1"}],"replies":[{"embeddable":true,"href":"https:\/\/atecordoba.org\/index.php?rest_route=%2Fwp%2Fv2%2Fcomments&post=7373"}],"version-history":[{"count":0,"href":"https:\/\/atecordoba.org\/index.php?rest_route=\/wp\/v2\/posts\/7373\/revisions"}],"wp:featuredmedia":[{"embeddable":true,"href":"https:\/\/atecordoba.org\/index.php?rest_route=\/wp\/v2\/media\/19220"}],"wp:attachment":[{"href":"https:\/\/atecordoba.org\/index.php?rest_route=%2Fwp%2Fv2%2Fmedia&parent=7373"}],"wp:term":[{"taxonomy":"category","embeddable":true,"href":"https:\/\/atecordoba.org\/index.php?rest_route=%2Fwp%2Fv2%2Fcategories&post=7373"},{"taxonomy":"post_tag","embeddable":true,"href":"https:\/\/atecordoba.org\/index.php?rest_route=%2Fwp%2Fv2%2Ftags&post=7373"}],"curies":[{"name":"wp","href":"https:\/\/api.w.org\/{rel}","templated":true}]}}