{"id":7366,"date":"2016-09-26T17:34:35","date_gmt":"2016-09-26T20:34:35","guid":{"rendered":"http:\/\/www.atecordoba.org\/?p=7366"},"modified":"2016-09-26T17:34:35","modified_gmt":"2016-09-26T20:34:35","slug":"ate-saluda-a-los-farmaceuticos-en-su-dia","status":"publish","type":"post","link":"https:\/\/atecordoba.org\/?p=7366","title":{"rendered":"ATE saluda a los farmac\u00e9uticos en su d\u00eda"},"content":{"rendered":"<p style=\"text-align: center;\"><em>Ayer se conmemor\u00f3 el D\u00eda Mundial del Farmac\u00e9utico y desde nuestro gremio queremos saludar a los compa\u00f1eros farmac\u00e9uticos en su d\u00eda.<\/em><\/p>\n<p style=\"text-align: center;\"><img loading=\"lazy\" decoding=\"async\" class=\"aligncenter size-full wp-image-7370\" src=\"http:\/\/www.atecordoba.org\/wp-content\/uploads\/2016\/09\/IMG-20160819-WA0056-e1474923978139.jpg\" alt=\"IMG-20160819-WA0056\" width=\"550\" height=\"310\" \/><\/p>\n<p>La conmemoraci\u00f3n fue instituida por la Federaci\u00f3n Internacional de Farmac\u00e9uticos (FIP, por sus siglas en ingl\u00e9s) para difundir, promover y hacer conocer el importante papel del farmac\u00e9utico. Las m\u00faltiples funciones que desarrollan convierten al farmac\u00e9utico en un eslab\u00f3n fundamental en la cadena de la salud, ya que no s\u00f3lo se encargan de la dispensaci\u00f3n de medicamentos a los usuarios sino tambi\u00e9n de informar y concientizar sobre su uso eficaz, correcto y responsable, adem\u00e1s de educar sobre formas de prevenci\u00f3n de enfermedades y promover la salud en general.<\/p>\n<p>Nuestro gremio tiene como afiliados a compa\u00f1eros farmac\u00e9uticos en las obras sociales -APROSS y PAMI-, en los hospitales p\u00fablicos y trabajadores civiles de las FFAA en organismos como el IOSE y la DIBFA.<\/p>\n<p>Es por esto que desde ATE queremos saludar a todos los compa\u00f1eros farmac\u00e9uticos al cumplirse esta fecha, agradecerles por su labor y desearles que hayan pasado un feliz D\u00eda Mundial del Farmac\u00e9utico.<\/p>\n<p>&nbsp;<\/p>\n<p style=\"text-align: right;\">Luis B\u00e1rcena<\/p>\n<p style=\"text-align: right;\">Secretario General Adjunto<\/p>\n","protected":false},"excerpt":{"rendered":"<p>Ayer se conmemor\u00f3 el D\u00eda Mundial del Farmac\u00e9utico y desde nuestro gremio queremos saludar a los compa\u00f1eros farmac\u00e9uticos en su d\u00eda. La conmemoraci\u00f3n fue instituida por la Federaci\u00f3n Internacional de Farmac\u00e9uticos (FIP, por sus siglas en ingl\u00e9s) para difundir, promover y hacer conocer el importante papel del farmac\u00e9utico. Las m\u00faltiples funciones que desarrollan convierten al [&hellip;]<\/p>\n","protected":false},"author":1,"featured_media":19220,"comment_status":"open","ping_status":"open","sticky":false,"template":"","format":"standard","meta":{"_exactmetrics_skip_tracking":false,"_exactmetrics_sitenote_active":false,"_exactmetrics_sitenote_note":"","_exactmetrics_sitenote_category":0,"jnews-multi-image_gallery":[],"jnews_single_post":[],"jnews_primary_category":[],"jnews_social_meta":[],"jnews_review":[],"enable_review":"","type":"","name":"","summary":"","brand":"","sku":"","good":[],"bad":[],"score_override":"","override_value":"","rating":[],"price":[],"jnews_override_counter":[],"jnews_post_split":[],"footnotes":""},"categories":[1],"tags":[],"class_list":["post-7366","post","type-post","status-publish","format-standard","has-post-thumbnail","hentry","category-sin-categoria"],"jetpack_featured_media_url":"https:\/\/atecordoba.org\/wp-content\/uploads\/2020\/05\/logo-nuevochico-e1561581322808.png","_links":{"self":[{"href":"https:\/\/atecordoba.org\/index.php?rest_route=\/wp\/v2\/posts\/7366","targetHints":{"allow":["GET"]}}],"collection":[{"href":"https:\/\/atecordoba.org\/index.php?rest_route=\/wp\/v2\/posts"}],"about":[{"href":"https:\/\/atecordoba.org\/index.php?rest_route=\/wp\/v2\/types\/post"}],"author":[{"embeddable":true,"href":"https:\/\/atecordoba.org\/index.php?rest_route=\/wp\/v2\/users\/1"}],"replies":[{"embeddable":true,"href":"https:\/\/atecordoba.org\/index.php?rest_route=%2Fwp%2Fv2%2Fcomments&post=7366"}],"version-history":[{"count":0,"href":"https:\/\/atecordoba.org\/index.php?rest_route=\/wp\/v2\/posts\/7366\/revisions"}],"wp:featuredmedia":[{"embeddable":true,"href":"https:\/\/atecordoba.org\/index.php?rest_route=\/wp\/v2\/media\/19220"}],"wp:attachment":[{"href":"https:\/\/atecordoba.org\/index.php?rest_route=%2Fwp%2Fv2%2Fmedia&parent=7366"}],"wp:term":[{"taxonomy":"category","embeddable":true,"href":"https:\/\/atecordoba.org\/index.php?rest_route=%2Fwp%2Fv2%2Fcategories&post=7366"},{"taxonomy":"post_tag","embeddable":true,"href":"https:\/\/atecordoba.org\/index.php?rest_route=%2Fwp%2Fv2%2Ftags&post=7366"}],"curies":[{"name":"wp","href":"https:\/\/api.w.org\/{rel}","templated":true}]}}