{"id":7362,"date":"2016-09-26T17:23:26","date_gmt":"2016-09-26T20:23:26","guid":{"rendered":"http:\/\/www.atecordoba.org\/?p=7362"},"modified":"2016-09-26T17:23:26","modified_gmt":"2016-09-26T20:23:26","slug":"una-vez-mas-ate-quedo-a-cargo-de-la-carpa-por-el-82-movil","status":"publish","type":"post","link":"https:\/\/atecordoba.org\/?p=7362","title":{"rendered":"Una vez m\u00e1s, ATE qued\u00f3 a cargo de la carpa por el 82% m\u00f3vil"},"content":{"rendered":"<p><em>Los compa\u00f1eros del Centro de Jubilados de ATE garantizaron la continuidad de la carpa ubicada en Plaza San Mart\u00edn por segundo viernes consecutivo.<\/em><\/p>\n<p><img loading=\"lazy\" decoding=\"async\" class=\"aligncenter size-full wp-image-7363\" src=\"http:\/\/www.atecordoba.org\/wp-content\/uploads\/2016\/09\/WhatsApp-Image-2016-09-23-at-12.25.37-e1474921327344.jpeg\" alt=\"WhatsApp Image 2016-09-23 at 12.25.37\" width=\"550\" height=\"330\" \/><\/p>\n<p>Una vez m\u00e1s, trabajadores pasivos de ATE tuvieron bajo su responsabilidad el cuidado y la continuidad de la carpa instalada en la plaza central de nuestra ciudad para reclamar por el 82% m\u00f3vil.<\/p>\n<p>Con la presencia de Oscar \u201cCacho\u201d Mengarelli, miembro de la conducci\u00f3n del Centro de Jubilados de ATE a nivel nacional, y Carmen Neder, presidenta del Centro de Jubilados de ATE C\u00f3rdoba, los compa\u00f1eros difundieron los reclamos e informaron los detalles a la poblaci\u00f3n en general que circul\u00f3 en gran n\u00famero \u2013m\u00e1s que lo habitual\u2013 por plaza San Mart\u00edn con motivo de la realizaci\u00f3n de la Feria del Libro. Adem\u00e1s, se despejaron dudas de muchos ciudadanos que se acercaron a realizar consultas.<\/p>\n<p><img loading=\"lazy\" decoding=\"async\" class=\"aligncenter size-full wp-image-7364\" src=\"http:\/\/www.atecordoba.org\/wp-content\/uploads\/2016\/09\/WhatsApp-Image-2016-09-23-at-12.25.38-e1474921362690.jpeg\" alt=\"WhatsApp Image 2016-09-23 at 12.25.38\" width=\"550\" height=\"330\" \/><\/p>\n<p>De esta manera, ATE reafirma su compromiso con la iniciativa de distintas organizaciones sociales, sindicales y asociaciones de jubilados de visibilizar un reclamo tan importante para nuestros trabajadores.<\/p>\n","protected":false},"excerpt":{"rendered":"<p>Los compa\u00f1eros del Centro de Jubilados de ATE garantizaron la continuidad de la carpa ubicada en Plaza San Mart\u00edn por segundo viernes consecutivo. Una vez m\u00e1s, trabajadores pasivos de ATE tuvieron bajo su responsabilidad el cuidado y la continuidad de la carpa instalada en la plaza central de nuestra ciudad para reclamar por el 82% [&hellip;]<\/p>\n","protected":false},"author":1,"featured_media":19220,"comment_status":"open","ping_status":"open","sticky":false,"template":"","format":"standard","meta":{"_exactmetrics_skip_tracking":false,"_exactmetrics_sitenote_active":false,"_exactmetrics_sitenote_note":"","_exactmetrics_sitenote_category":0,"jnews-multi-image_gallery":[],"jnews_single_post":[],"jnews_primary_category":[],"jnews_social_meta":[],"jnews_review":[],"enable_review":"","type":"","name":"","summary":"","brand":"","sku":"","good":[],"bad":[],"score_override":"","override_value":"","rating":[],"price":[],"jnews_override_counter":[],"jnews_post_split":[],"footnotes":""},"categories":[22],"tags":[],"class_list":["post-7362","post","type-post","status-publish","format-standard","has-post-thumbnail","hentry","category-jubilados"],"jetpack_featured_media_url":"https:\/\/atecordoba.org\/wp-content\/uploads\/2020\/05\/logo-nuevochico-e1561581322808.png","_links":{"self":[{"href":"https:\/\/atecordoba.org\/index.php?rest_route=\/wp\/v2\/posts\/7362","targetHints":{"allow":["GET"]}}],"collection":[{"href":"https:\/\/atecordoba.org\/index.php?rest_route=\/wp\/v2\/posts"}],"about":[{"href":"https:\/\/atecordoba.org\/index.php?rest_route=\/wp\/v2\/types\/post"}],"author":[{"embeddable":true,"href":"https:\/\/atecordoba.org\/index.php?rest_route=\/wp\/v2\/users\/1"}],"replies":[{"embeddable":true,"href":"https:\/\/atecordoba.org\/index.php?rest_route=%2Fwp%2Fv2%2Fcomments&post=7362"}],"version-history":[{"count":0,"href":"https:\/\/atecordoba.org\/index.php?rest_route=\/wp\/v2\/posts\/7362\/revisions"}],"wp:featuredmedia":[{"embeddable":true,"href":"https:\/\/atecordoba.org\/index.php?rest_route=\/wp\/v2\/media\/19220"}],"wp:attachment":[{"href":"https:\/\/atecordoba.org\/index.php?rest_route=%2Fwp%2Fv2%2Fmedia&parent=7362"}],"wp:term":[{"taxonomy":"category","embeddable":true,"href":"https:\/\/atecordoba.org\/index.php?rest_route=%2Fwp%2Fv2%2Fcategories&post=7362"},{"taxonomy":"post_tag","embeddable":true,"href":"https:\/\/atecordoba.org\/index.php?rest_route=%2Fwp%2Fv2%2Ftags&post=7362"}],"curies":[{"name":"wp","href":"https:\/\/api.w.org\/{rel}","templated":true}]}}