{"id":7358,"date":"2016-09-23T17:16:45","date_gmt":"2016-09-23T20:16:45","guid":{"rendered":"http:\/\/www.atecordoba.org\/?p=7358"},"modified":"2016-09-23T17:16:45","modified_gmt":"2016-09-23T20:16:45","slug":"hoy-se-conmemora-el-dia-internacional-contra-la-trata-de-personas","status":"publish","type":"post","link":"https:\/\/atecordoba.org\/?p=7358","title":{"rendered":"Hoy se conmemora el D\u00eda Internacional contra la Trata de Personas"},"content":{"rendered":"<p><em>Bas\u00e1ndose en una normativa argentina, la Conferencia Mundial de la Coalici\u00f3n Contra el Tr\u00e1fico de Personas instaur\u00f3 el 23 de septiembre como el \u201cD\u00eda Internacional contra la explotaci\u00f3n sexual y la trata de personas\u201d.<\/em><\/p>\n<p>Un d\u00eda como hoy, en 1913, se promulg\u00f3 en nuestro pa\u00eds la Ley N\u00b0 9.143, la primera norma legal en el mundo destinada a luchar contra la explotaci\u00f3n sexual. Conocida tambi\u00e9n como \u201cLa Ley Palacios\u201d, esta reglamentaci\u00f3n marc\u00f3 la culminaci\u00f3n de una de las luchas m\u00e1s resonantes de la historia contra la esclavizaci\u00f3n de mujeres, ni\u00f1os y ni\u00f1as para el ejercicio forzado de la prostituci\u00f3n.<\/p>\n<p>Esa normativa fue la que llev\u00f3 a la Conferencia Mundial de la Coalici\u00f3n Contra el Tr\u00e1fico de Personas, en coordinaci\u00f3n con la Conferencia de Mujeres -que tuvo lugar en Bangladesh, en enero de 1999- a elegir este d\u00eda para hacer esta conmemoraci\u00f3n a nivel mundial.<\/p>\n<p>Desde ATE C\u00f3rdoba nos sumamos a esta iniciativa y la difundimos, compartiendo el esp\u00edritu de esta conmemoraci\u00f3n y comprometidos a trabajar en esa direcci\u00f3n desde nuestro rol como organizaci\u00f3n de trabajadores y trabajadoras.<\/p>\n","protected":false},"excerpt":{"rendered":"<p>Bas\u00e1ndose en una normativa argentina, la Conferencia Mundial de la Coalici\u00f3n Contra el Tr\u00e1fico de Personas instaur\u00f3 el 23 de septiembre como el \u201cD\u00eda Internacional contra la explotaci\u00f3n sexual y la trata de personas\u201d. Un d\u00eda como hoy, en 1913, se promulg\u00f3 en nuestro pa\u00eds la Ley N\u00b0 9.143, la primera norma legal en el [&hellip;]<\/p>\n","protected":false},"author":1,"featured_media":19220,"comment_status":"open","ping_status":"open","sticky":false,"template":"","format":"standard","meta":{"_exactmetrics_skip_tracking":false,"_exactmetrics_sitenote_active":false,"_exactmetrics_sitenote_note":"","_exactmetrics_sitenote_category":0,"jnews-multi-image_gallery":[],"jnews_single_post":[],"jnews_primary_category":[],"jnews_social_meta":[],"jnews_review":[],"enable_review":"","type":"","name":"","summary":"","brand":"","sku":"","good":[],"bad":[],"score_override":"","override_value":"","rating":[],"price":[],"jnews_override_counter":[],"jnews_post_split":[],"footnotes":""},"categories":[1],"tags":[],"class_list":["post-7358","post","type-post","status-publish","format-standard","has-post-thumbnail","hentry","category-sin-categoria"],"jetpack_featured_media_url":"https:\/\/atecordoba.org\/wp-content\/uploads\/2020\/05\/logo-nuevochico-e1561581322808.png","_links":{"self":[{"href":"https:\/\/atecordoba.org\/index.php?rest_route=\/wp\/v2\/posts\/7358","targetHints":{"allow":["GET"]}}],"collection":[{"href":"https:\/\/atecordoba.org\/index.php?rest_route=\/wp\/v2\/posts"}],"about":[{"href":"https:\/\/atecordoba.org\/index.php?rest_route=\/wp\/v2\/types\/post"}],"author":[{"embeddable":true,"href":"https:\/\/atecordoba.org\/index.php?rest_route=\/wp\/v2\/users\/1"}],"replies":[{"embeddable":true,"href":"https:\/\/atecordoba.org\/index.php?rest_route=%2Fwp%2Fv2%2Fcomments&post=7358"}],"version-history":[{"count":0,"href":"https:\/\/atecordoba.org\/index.php?rest_route=\/wp\/v2\/posts\/7358\/revisions"}],"wp:featuredmedia":[{"embeddable":true,"href":"https:\/\/atecordoba.org\/index.php?rest_route=\/wp\/v2\/media\/19220"}],"wp:attachment":[{"href":"https:\/\/atecordoba.org\/index.php?rest_route=%2Fwp%2Fv2%2Fmedia&parent=7358"}],"wp:term":[{"taxonomy":"category","embeddable":true,"href":"https:\/\/atecordoba.org\/index.php?rest_route=%2Fwp%2Fv2%2Fcategories&post=7358"},{"taxonomy":"post_tag","embeddable":true,"href":"https:\/\/atecordoba.org\/index.php?rest_route=%2Fwp%2Fv2%2Ftags&post=7358"}],"curies":[{"name":"wp","href":"https:\/\/api.w.org\/{rel}","templated":true}]}}