{"id":7351,"date":"2016-09-19T16:24:02","date_gmt":"2016-09-19T19:24:02","guid":{"rendered":"http:\/\/www.atecordoba.org\/?p=7351"},"modified":"2016-09-19T16:24:02","modified_gmt":"2016-09-19T19:24:02","slug":"el-paro-nacional-cambia-al-martes-27-de-septiembre","status":"publish","type":"post","link":"https:\/\/atecordoba.org\/?p=7351","title":{"rendered":"El paro nacional cambia al martes 27 de septiembre"},"content":{"rendered":"<p><em>Por decisi\u00f3n de la conducci\u00f3n nacional, la fecha de la medida de fuerza se adelanta del 29 de septiembre al 27. <\/em><\/p>\n<p>La fecha del martes 27 de septiembre fue definida por la conducci\u00f3n nacional para coordinar las acciones junto a otras organizaciones sindicales que se plegaron a la medida de fuerza como la Federaci\u00f3n Sindical de Profesionales de la Salud de la Rep\u00fablica Argentina (FESPROSA) y la Federaci\u00f3n Nacional de Docentes, Investigadores y Creadores Universitarios (CONADU Hist\u00f3rica), entre otras.<\/p>\n<p><img loading=\"lazy\" decoding=\"async\" class=\"aligncenter size-full wp-image-7305\" src=\"http:\/\/www.atecordoba.org\/wp-content\/uploads\/2016\/09\/565b1e1bb1e978b64d02ee140ef206aa_m-e1473198289574.jpg\" alt=\"565b1e1bb1e978b64d02ee140ef206aa_m\" width=\"550\" height=\"276\" \/><\/p>\n<p>Los principales reclamos que motivan el paro son la reapertura de las paritarias, la reincorporaci\u00f3n de todos los trabajadores despedidos, contra el ajuste y los tarifazos. Adem\u00e1s, nuestro gremio plantea su absoluto rechazo a la puesta en marcha de la Tercera Reforma del Estado que intenta imponer el Gobierno de Mauricio Macri.<\/p>\n<p>\u201cLa construcci\u00f3n del paro va creciendo y masific\u00e1ndose al sumarse FESPROSA, la CONADU Hist\u00f3rica y otras varias organizaciones de la econom\u00eda popular, del sector privado y del sector p\u00fablico que se est\u00e1n sumando para darle forma definitiva a la modalidad del paro y las movilizaciones que se organizar\u00e1n en la Capital Federal y en todo el pa\u00eds\u201d, dijo Hugo \u201cCachorro\u201d Godoy, secretario general de ATE Nacional.<\/p>\n","protected":false},"excerpt":{"rendered":"<p>Por decisi\u00f3n de la conducci\u00f3n nacional, la fecha de la medida de fuerza se adelanta del 29 de septiembre al 27. La fecha del martes 27 de septiembre fue definida por la conducci\u00f3n nacional para coordinar las acciones junto a otras organizaciones sindicales que se plegaron a la medida de fuerza como la Federaci\u00f3n Sindical [&hellip;]<\/p>\n","protected":false},"author":1,"featured_media":19220,"comment_status":"open","ping_status":"open","sticky":false,"template":"","format":"standard","meta":{"_exactmetrics_skip_tracking":false,"_exactmetrics_sitenote_active":false,"_exactmetrics_sitenote_note":"","_exactmetrics_sitenote_category":0,"jnews-multi-image_gallery":[],"jnews_single_post":[],"jnews_primary_category":[],"jnews_social_meta":[],"jnews_review":[],"enable_review":"","type":"","name":"","summary":"","brand":"","sku":"","good":[],"bad":[],"score_override":"","override_value":"","rating":[],"price":[],"jnews_override_counter":[],"jnews_post_split":[],"footnotes":""},"categories":[18,21],"tags":[],"class_list":["post-7351","post","type-post","status-publish","format-standard","has-post-thumbnail","hentry","category-nacionales","category-paro-nacional"],"jetpack_featured_media_url":"https:\/\/atecordoba.org\/wp-content\/uploads\/2020\/05\/logo-nuevochico-e1561581322808.png","_links":{"self":[{"href":"https:\/\/atecordoba.org\/index.php?rest_route=\/wp\/v2\/posts\/7351","targetHints":{"allow":["GET"]}}],"collection":[{"href":"https:\/\/atecordoba.org\/index.php?rest_route=\/wp\/v2\/posts"}],"about":[{"href":"https:\/\/atecordoba.org\/index.php?rest_route=\/wp\/v2\/types\/post"}],"author":[{"embeddable":true,"href":"https:\/\/atecordoba.org\/index.php?rest_route=\/wp\/v2\/users\/1"}],"replies":[{"embeddable":true,"href":"https:\/\/atecordoba.org\/index.php?rest_route=%2Fwp%2Fv2%2Fcomments&post=7351"}],"version-history":[{"count":0,"href":"https:\/\/atecordoba.org\/index.php?rest_route=\/wp\/v2\/posts\/7351\/revisions"}],"wp:featuredmedia":[{"embeddable":true,"href":"https:\/\/atecordoba.org\/index.php?rest_route=\/wp\/v2\/media\/19220"}],"wp:attachment":[{"href":"https:\/\/atecordoba.org\/index.php?rest_route=%2Fwp%2Fv2%2Fmedia&parent=7351"}],"wp:term":[{"taxonomy":"category","embeddable":true,"href":"https:\/\/atecordoba.org\/index.php?rest_route=%2Fwp%2Fv2%2Fcategories&post=7351"},{"taxonomy":"post_tag","embeddable":true,"href":"https:\/\/atecordoba.org\/index.php?rest_route=%2Fwp%2Fv2%2Ftags&post=7351"}],"curies":[{"name":"wp","href":"https:\/\/api.w.org\/{rel}","templated":true}]}}