{"id":7348,"date":"2016-09-19T15:40:21","date_gmt":"2016-09-19T18:40:21","guid":{"rendered":"http:\/\/www.atecordoba.org\/?p=7348"},"modified":"2016-09-19T15:40:21","modified_gmt":"2016-09-19T18:40:21","slug":"fallecio-jorge-acedo-dirigente-historico-de-ate","status":"publish","type":"post","link":"https:\/\/atecordoba.org\/?p=7348","title":{"rendered":"Falleci\u00f3 Jorge Acedo, dirigente hist\u00f3rico de ATE"},"content":{"rendered":"<p><em>El Consejo Directivo Provincial de ATE C\u00f3rdoba expresa su profundo pesar por la desaparici\u00f3n f\u00edsica de un hombre fundamental en la historia de las \u00faltimas d\u00e9cadas de nuestro gremio.<\/em><\/p>\n<p><img loading=\"lazy\" decoding=\"async\" class=\"aligncenter size-full wp-image-7349\" src=\"http:\/\/www.atecordoba.org\/wp-content\/uploads\/2016\/09\/8115_3139-e1474310394869.jpg\" alt=\"8115_3139\" width=\"550\" height=\"358\" \/><\/p>\n<p>Dirigente hist\u00f3rico de ATE y de CTA de Rosario, Jorge Acedo tuvo una participaci\u00f3n clave en la recuperaci\u00f3n de nuestro sindicato en el a\u00f1o 1984, una vez que hab\u00eda terminado la dictadura militar.<\/p>\n<p>Fue fundador de la Agrupaci\u00f3n Nacional Unidad Solidaridad de ATE (ANUSATE) junto a otros dirigentes hist\u00f3ricos como V\u00edctor De Gennaro y Germ\u00e1n Abdala. Adem\u00e1s, fue miembro de la conducci\u00f3n nacional de ATE en distintas oportunidades.<\/p>\n<p>Acedo era sin\u00f3nimo de coherencia y persistencia en sus convicciones, por lo que su trayectoria se convierte en ejemplo para quienes llevan adelante la organizaci\u00f3n y la lucha por los derechos de los trabajadores.<\/p>\n<p>La Secretaria General de ATE C\u00f3rdoba, Mar\u00eda Liliana Salerno, acompa\u00f1\u00f3 las exequias del compa\u00f1ero Acedo. Desde nuestro gremio\u00a0expresamos nuestro m\u00e1s profundo pesar por su fallecimiento y abrazamos a su familia, a sus amigos y a los compa\u00f1eros de Rosario y Santa Fe en un momento de tanto dolor.<\/p>\n","protected":false},"excerpt":{"rendered":"<p>El Consejo Directivo Provincial de ATE C\u00f3rdoba expresa su profundo pesar por la desaparici\u00f3n f\u00edsica de un hombre fundamental en la historia de las \u00faltimas d\u00e9cadas de nuestro gremio. Dirigente hist\u00f3rico de ATE y de CTA de Rosario, Jorge Acedo tuvo una participaci\u00f3n clave en la recuperaci\u00f3n de nuestro sindicato en el a\u00f1o 1984, una [&hellip;]<\/p>\n","protected":false},"author":1,"featured_media":19220,"comment_status":"open","ping_status":"open","sticky":false,"template":"","format":"standard","meta":{"_exactmetrics_skip_tracking":false,"_exactmetrics_sitenote_active":false,"_exactmetrics_sitenote_note":"","_exactmetrics_sitenote_category":0,"jnews-multi-image_gallery":[],"jnews_single_post":[],"jnews_primary_category":[],"jnews_social_meta":[],"jnews_review":[],"enable_review":"","type":"","name":"","summary":"","brand":"","sku":"","good":[],"bad":[],"score_override":"","override_value":"","rating":[],"price":[],"jnews_override_counter":[],"jnews_post_split":[],"footnotes":""},"categories":[18],"tags":[],"class_list":["post-7348","post","type-post","status-publish","format-standard","has-post-thumbnail","hentry","category-nacionales"],"jetpack_featured_media_url":"https:\/\/atecordoba.org\/wp-content\/uploads\/2020\/05\/logo-nuevochico-e1561581322808.png","_links":{"self":[{"href":"https:\/\/atecordoba.org\/index.php?rest_route=\/wp\/v2\/posts\/7348","targetHints":{"allow":["GET"]}}],"collection":[{"href":"https:\/\/atecordoba.org\/index.php?rest_route=\/wp\/v2\/posts"}],"about":[{"href":"https:\/\/atecordoba.org\/index.php?rest_route=\/wp\/v2\/types\/post"}],"author":[{"embeddable":true,"href":"https:\/\/atecordoba.org\/index.php?rest_route=\/wp\/v2\/users\/1"}],"replies":[{"embeddable":true,"href":"https:\/\/atecordoba.org\/index.php?rest_route=%2Fwp%2Fv2%2Fcomments&post=7348"}],"version-history":[{"count":0,"href":"https:\/\/atecordoba.org\/index.php?rest_route=\/wp\/v2\/posts\/7348\/revisions"}],"wp:featuredmedia":[{"embeddable":true,"href":"https:\/\/atecordoba.org\/index.php?rest_route=\/wp\/v2\/media\/19220"}],"wp:attachment":[{"href":"https:\/\/atecordoba.org\/index.php?rest_route=%2Fwp%2Fv2%2Fmedia&parent=7348"}],"wp:term":[{"taxonomy":"category","embeddable":true,"href":"https:\/\/atecordoba.org\/index.php?rest_route=%2Fwp%2Fv2%2Fcategories&post=7348"},{"taxonomy":"post_tag","embeddable":true,"href":"https:\/\/atecordoba.org\/index.php?rest_route=%2Fwp%2Fv2%2Ftags&post=7348"}],"curies":[{"name":"wp","href":"https:\/\/api.w.org\/{rel}","templated":true}]}}