{"id":7342,"date":"2016-09-16T17:25:46","date_gmt":"2016-09-16T20:25:46","guid":{"rendered":"http:\/\/www.atecordoba.org\/?p=7342"},"modified":"2016-09-16T17:25:46","modified_gmt":"2016-09-16T20:25:46","slug":"ate-garantizo-la-continuidad-de-la-carpa-por-el-82-movil","status":"publish","type":"post","link":"https:\/\/atecordoba.org\/?p=7342","title":{"rendered":"ATE garantiz\u00f3 la continuidad de la carpa por el 82% m\u00f3vil"},"content":{"rendered":"<p><em>La carpa quedar\u00e1 bajo responsabilidad de nuestro gremio durante toda la jornada de hoy y hasta ma\u00f1ana por la ma\u00f1ana.<\/em><\/p>\n<p>Tal como se hab\u00eda comprometido, nuestro gremio asumi\u00f3 la responsabilidad de mantener la carpa que un conjunto de organizaciones instalaron en Plaza San Mart\u00edn en reclamo por el 82% m\u00f3vil. ATE estar\u00e1 a cargo de la continuidad de la carpa durante toda la jornada de hoy hasta ma\u00f1ana a las 9 de la ma\u00f1ana, hora en la que se har\u00e1 cargo otra organizaci\u00f3n.<\/p>\n<p><img loading=\"lazy\" decoding=\"async\" class=\"aligncenter size-full wp-image-7343\" src=\"http:\/\/www.atecordoba.org\/wp-content\/uploads\/2016\/09\/WhatsApp-Image-2016-09-16-at-11.36.55-e1474057449803.jpeg\" alt=\"WhatsApp Image 2016-09-16 at 11.36.55\" width=\"550\" height=\"330\" \/><\/p>\n<p>Durante el d\u00eda, nuestro gremio a trav\u00e9s de sus representantes en la carpa estuvo difundiendo los reclamos de nuestros activos y pasivos, repartiendo volantes y recolectando firmas de apoyo por parte del conjunto de la sociedad en general.<\/p>\n<p>Por otra parte, el d\u00eda martes 20 de septiembre se llevar\u00e1 a cabo una jornada de protesta a nivel nacional en el marco del D\u00eda del Jubilado, tambi\u00e9n reclamando por el 82% m\u00f3vil, que fue uno de los caballitos de batalla electorales tanto de Macri como de Schiaretti y que hasta ahora no ha sido cumplido. Nuestro gremio marchar\u00e1 desde la sede de ATE a la Caja de Jubilaciones, luego nos trasladaremos a ANSES para finalizar en la mencionada carpa de Plaza San Mart\u00edn.<\/p>\n","protected":false},"excerpt":{"rendered":"<p>La carpa quedar\u00e1 bajo responsabilidad de nuestro gremio durante toda la jornada de hoy y hasta ma\u00f1ana por la ma\u00f1ana. Tal como se hab\u00eda comprometido, nuestro gremio asumi\u00f3 la responsabilidad de mantener la carpa que un conjunto de organizaciones instalaron en Plaza San Mart\u00edn en reclamo por el 82% m\u00f3vil. ATE estar\u00e1 a cargo de [&hellip;]<\/p>\n","protected":false},"author":1,"featured_media":19220,"comment_status":"open","ping_status":"open","sticky":false,"template":"","format":"standard","meta":{"_exactmetrics_skip_tracking":false,"_exactmetrics_sitenote_active":false,"_exactmetrics_sitenote_note":"","_exactmetrics_sitenote_category":0,"jnews-multi-image_gallery":[],"jnews_single_post":[],"jnews_primary_category":[],"jnews_social_meta":[],"jnews_review":[],"enable_review":"","type":"","name":"","summary":"","brand":"","sku":"","good":[],"bad":[],"score_override":"","override_value":"","rating":[],"price":[],"jnews_override_counter":[],"jnews_post_split":[],"footnotes":""},"categories":[22],"tags":[],"class_list":["post-7342","post","type-post","status-publish","format-standard","has-post-thumbnail","hentry","category-jubilados"],"jetpack_featured_media_url":"https:\/\/atecordoba.org\/wp-content\/uploads\/2020\/05\/logo-nuevochico-e1561581322808.png","_links":{"self":[{"href":"https:\/\/atecordoba.org\/index.php?rest_route=\/wp\/v2\/posts\/7342","targetHints":{"allow":["GET"]}}],"collection":[{"href":"https:\/\/atecordoba.org\/index.php?rest_route=\/wp\/v2\/posts"}],"about":[{"href":"https:\/\/atecordoba.org\/index.php?rest_route=\/wp\/v2\/types\/post"}],"author":[{"embeddable":true,"href":"https:\/\/atecordoba.org\/index.php?rest_route=\/wp\/v2\/users\/1"}],"replies":[{"embeddable":true,"href":"https:\/\/atecordoba.org\/index.php?rest_route=%2Fwp%2Fv2%2Fcomments&post=7342"}],"version-history":[{"count":0,"href":"https:\/\/atecordoba.org\/index.php?rest_route=\/wp\/v2\/posts\/7342\/revisions"}],"wp:featuredmedia":[{"embeddable":true,"href":"https:\/\/atecordoba.org\/index.php?rest_route=\/wp\/v2\/media\/19220"}],"wp:attachment":[{"href":"https:\/\/atecordoba.org\/index.php?rest_route=%2Fwp%2Fv2%2Fmedia&parent=7342"}],"wp:term":[{"taxonomy":"category","embeddable":true,"href":"https:\/\/atecordoba.org\/index.php?rest_route=%2Fwp%2Fv2%2Fcategories&post=7342"},{"taxonomy":"post_tag","embeddable":true,"href":"https:\/\/atecordoba.org\/index.php?rest_route=%2Fwp%2Fv2%2Ftags&post=7342"}],"curies":[{"name":"wp","href":"https:\/\/api.w.org\/{rel}","templated":true}]}}