{"id":7338,"date":"2016-09-16T15:45:51","date_gmt":"2016-09-16T18:45:51","guid":{"rendered":"http:\/\/www.atecordoba.org\/?p=7338"},"modified":"2016-09-16T15:45:51","modified_gmt":"2016-09-16T18:45:51","slug":"se-realizo-una-asamblea-informativa-en-gendarmeria-nacional","status":"publish","type":"post","link":"https:\/\/atecordoba.org\/?p=7338","title":{"rendered":"Se realiz\u00f3 una asamblea informativa en Gendarmer\u00eda Nacional"},"content":{"rendered":"<p><em>Con buena concurrencia se trataron diversos temas espec\u00edficos que aquejan a los compa\u00f1eros de este sector.<\/em><\/p>\n<p>En la jornada de ayer se llev\u00f3 a cabo una asamblea informativa en la Escuela de Suboficiales \u201cCabo Ra\u00fal Remberto Cuello\u201d de la Gendarmer\u00eda Nacional. En la misma se present\u00f3 un informe sobre las preocupantes perspectivas respecto de la estabilidad laboral del sector y la falta de canales de di\u00e1logo con el Ministerio de Seguridad. La presentaci\u00f3n estuvo a cargo del compa\u00f1ero Alejandro Charra, Paritario Nacional de los Civiles y vocal del Consejo Directivo Provincial.<\/p>\n<p><img loading=\"lazy\" decoding=\"async\" class=\"aligncenter size-full wp-image-7339\" src=\"http:\/\/www.atecordoba.org\/wp-content\/uploads\/2016\/09\/IMG_20160915_154209858_HDR-e1474051496954.jpg\" alt=\"IMG_20160915_154209858_HDR\" width=\"550\" height=\"309\" \/><\/p>\n<p>En la asamblea estuvieron presentes m\u00e1s de 30 compa\u00f1eros docentes del sector, quienes debatieron respecto de la apremiante necesidad de una definici\u00f3n respecto al marco normativo legal que regula actualmente la actividad. El nivel acad\u00e9mico de esta escuela sufri\u00f3 hace poco m\u00e1s de 4 a\u00f1os una intempestiva conversi\u00f3n por parte de Gendarmer\u00eda: pas\u00f3 de ser de ense\u00f1anza media a universitaria por haberse unificado todos los institutos de formaci\u00f3n de dicha fuerza en el Instituto Universitario de la Gendarmer\u00eda Nacional (caso similar a lo sucedido poco antes en la Prefectura Naval Argentina). Esto implica que los docentes, cuyos t\u00edtulos ten\u00edan alcance para dictar las tecnicaturas que all\u00ed se dictan al personal de Aspirante a Gendarme y a los Cabos, hoy no pueden concursar para permanecer en sus cargos por una cuesti\u00f3n meramente formal.<\/p>\n<p>Adem\u00e1s, se trat\u00f3 el tema de la inminente reformulaci\u00f3n de los planes de estudio y curr\u00edcula y la falta de democratizaci\u00f3n de esta discusi\u00f3n por parte de las autoridades. La asamblea resolvi\u00f3 solicitar que se conforme una comisi\u00f3n vinculante respecto de este tema que sea integrada por docentes de la misma Escuela.<\/p>\n<p><img loading=\"lazy\" decoding=\"async\" class=\"aligncenter size-full wp-image-7340\" src=\"http:\/\/www.atecordoba.org\/wp-content\/uploads\/2016\/09\/IMG_20160915_154653848-e1474051508938.jpg\" alt=\"IMG_20160915_154653848\" width=\"550\" height=\"309\" \/><\/p>\n<p>La cuesti\u00f3n previsional no qued\u00f3 de lado. Existe un grave problema administrativo a nivel de la Jefatura de la Escuela, quien no tiene ninguna autoridad registrada actualmente en el ANSES. Esto dificulta la finalizaci\u00f3n de los tramites jubilatorios de muchos compa\u00f1eros. Queda pendiente a este respecto la realizaci\u00f3n de una reuni\u00f3n con abogados especialistas en la materia para que despejen las dudas de los compa\u00f1eros.<\/p>\n<p>Al finalizar la asamblea, el compa\u00f1ero Charra alent\u00f3 a los compa\u00f1eros del sector a fortalecer la organizaci\u00f3n y prepararse para la lucha venidera, lo que fue asumido como un compromiso por parte de los presentes.<\/p>\n","protected":false},"excerpt":{"rendered":"<p>Con buena concurrencia se trataron diversos temas espec\u00edficos que aquejan a los compa\u00f1eros de este sector. En la jornada de ayer se llev\u00f3 a cabo una asamblea informativa en la Escuela de Suboficiales \u201cCabo Ra\u00fal Remberto Cuello\u201d de la Gendarmer\u00eda Nacional. En la misma se present\u00f3 un informe sobre las preocupantes perspectivas respecto de la [&hellip;]<\/p>\n","protected":false},"author":1,"featured_media":19220,"comment_status":"open","ping_status":"open","sticky":false,"template":"","format":"standard","meta":{"_exactmetrics_skip_tracking":false,"_exactmetrics_sitenote_active":false,"_exactmetrics_sitenote_note":"","_exactmetrics_sitenote_category":0,"jnews-multi-image_gallery":[],"jnews_single_post":[],"jnews_primary_category":[],"jnews_social_meta":[],"jnews_review":[],"enable_review":"","type":"","name":"","summary":"","brand":"","sku":"","good":[],"bad":[],"score_override":"","override_value":"","rating":[],"price":[],"jnews_override_counter":[],"jnews_post_split":[],"footnotes":""},"categories":[1],"tags":[],"class_list":["post-7338","post","type-post","status-publish","format-standard","has-post-thumbnail","hentry","category-sin-categoria"],"jetpack_featured_media_url":"https:\/\/atecordoba.org\/wp-content\/uploads\/2020\/05\/logo-nuevochico-e1561581322808.png","_links":{"self":[{"href":"https:\/\/atecordoba.org\/index.php?rest_route=\/wp\/v2\/posts\/7338","targetHints":{"allow":["GET"]}}],"collection":[{"href":"https:\/\/atecordoba.org\/index.php?rest_route=\/wp\/v2\/posts"}],"about":[{"href":"https:\/\/atecordoba.org\/index.php?rest_route=\/wp\/v2\/types\/post"}],"author":[{"embeddable":true,"href":"https:\/\/atecordoba.org\/index.php?rest_route=\/wp\/v2\/users\/1"}],"replies":[{"embeddable":true,"href":"https:\/\/atecordoba.org\/index.php?rest_route=%2Fwp%2Fv2%2Fcomments&post=7338"}],"version-history":[{"count":0,"href":"https:\/\/atecordoba.org\/index.php?rest_route=\/wp\/v2\/posts\/7338\/revisions"}],"wp:featuredmedia":[{"embeddable":true,"href":"https:\/\/atecordoba.org\/index.php?rest_route=\/wp\/v2\/media\/19220"}],"wp:attachment":[{"href":"https:\/\/atecordoba.org\/index.php?rest_route=%2Fwp%2Fv2%2Fmedia&parent=7338"}],"wp:term":[{"taxonomy":"category","embeddable":true,"href":"https:\/\/atecordoba.org\/index.php?rest_route=%2Fwp%2Fv2%2Fcategories&post=7338"},{"taxonomy":"post_tag","embeddable":true,"href":"https:\/\/atecordoba.org\/index.php?rest_route=%2Fwp%2Fv2%2Ftags&post=7338"}],"curies":[{"name":"wp","href":"https:\/\/api.w.org\/{rel}","templated":true}]}}