{"id":7331,"date":"2016-09-15T18:03:48","date_gmt":"2016-09-15T21:03:48","guid":{"rendered":"http:\/\/www.atecordoba.org\/?p=7331"},"modified":"2016-09-15T18:03:48","modified_gmt":"2016-09-15T21:03:48","slug":"se-retoman-las-asambleas-en-el-laboratorio-de-hemoderivados","status":"publish","type":"post","link":"https:\/\/atecordoba.org\/?p=7331","title":{"rendered":"Se retoman las asambleas en el Laboratorio de Hemoderivados"},"content":{"rendered":"<p><em>Ante la falta de respuesta a los reclamos del sector, ATE convoca a una asamblea para este viernes a las 13 hs. en el Laboratorio de Hemoderivados para retomar el plan de lucha.<\/em><\/p>\n<p><img loading=\"lazy\" decoding=\"async\" class=\"aligncenter size-full wp-image-7332\" src=\"http:\/\/www.atecordoba.org\/wp-content\/uploads\/2016\/09\/hemo-e1473973407261.jpg\" alt=\"hemo\" width=\"550\" height=\"309\" \/><\/p>\n<p>Los compa\u00f1eros del Laboratorio de Hemoderivados vuelven a realizar medidas de fuerza en virtud de la falta de respuestas de las autoridades a una serie de reclamos.<\/p>\n<p>El listado de los reclamos del sector fue presentado tanto a las autoridades del Laboratorio como de la Universidad pero hasta la fecha no se ha obtenido respuesta alguna:<\/p>\n<ol>\n<li>Solicitar el pase a planta permanente\u00a0de todos los trabajadores no docentes (cerca del 80% del laboratorio).<\/li>\n<li>Definir consistentemente\u00a0un plan de recategorizaciones acordado con los trabajadores.<\/li>\n<li>Instrumentar y reglamentar la jornada de trabajo para los compa\u00f1eros que desempe\u00f1an funciones en fin de semana.<\/li>\n<li>Implementar el suplemento por riesgo a todo el personal del laboratorio, si es necesario, con inspecci\u00f3n del Ministerio de Trabajo de la Naci\u00f3n.<\/li>\n<li>Implementar el suplemento de Guardias Pasivas para quienes deban concurrir ante un imprevisto fuera de su jornada habitual.<\/li>\n<li>Contemplar el servicio de comedor del laboratorio durante los per\u00edodos de vacaciones, turno noche y fines de semana (ya sea mediante viandas, adicional por refrigerio o bien el pago de horas extras y m\u00e1s personal para los compa\u00f1eros del comedor).<\/li>\n<li>Aumento de personal en sector de mantenimiento y respeto a la jornada de descanso semanal establecida por ley.<\/li>\n<li>Implementar la presencia de un calderista en forma permanente tal y como la ley lo establece.<\/li>\n<li>Aumento del premio trimestral del 20% al 50% del b\u00e1sico para poder compensar lo perdido por inflaci\u00f3n en los \u00faltimos meses.<\/li>\n<li>Jornada laboral de 30 horas semanales tal y como lo hacen en muchas dependencias de la UNC.<\/li>\n<li>Designar una m\u00e9dica laboral permanente en la planta para atender al personal.<\/li>\n<li>Incremento de personal en diversas \u00e1reas del laboratorio.<\/li>\n<li>Conformaci\u00f3n del organigrama y reglamento interno del laboratorio con participaci\u00f3n del personal en la diagramaci\u00f3n de los mismos.<\/li>\n<\/ol>\n<p>Los trabajadores del Laboratorio de Hemoderivados seguimos esperando que las autoridades se sienten a una mesa de di\u00e1logo para resolver estos reclamos.<\/p>\n","protected":false},"excerpt":{"rendered":"<p>Ante la falta de respuesta a los reclamos del sector, ATE convoca a una asamblea para este viernes a las 13 hs. en el Laboratorio de Hemoderivados para retomar el plan de lucha. Los compa\u00f1eros del Laboratorio de Hemoderivados vuelven a realizar medidas de fuerza en virtud de la falta de respuestas de las autoridades [&hellip;]<\/p>\n","protected":false},"author":1,"featured_media":19220,"comment_status":"open","ping_status":"open","sticky":false,"template":"","format":"standard","meta":{"_exactmetrics_skip_tracking":false,"_exactmetrics_sitenote_active":false,"_exactmetrics_sitenote_note":"","_exactmetrics_sitenote_category":0,"jnews-multi-image_gallery":[],"jnews_single_post":[],"jnews_primary_category":[],"jnews_social_meta":[],"jnews_review":[],"enable_review":"","type":"","name":"","summary":"","brand":"","sku":"","good":[],"bad":[],"score_override":"","override_value":"","rating":[],"price":[],"jnews_override_counter":[],"jnews_post_split":[],"footnotes":""},"categories":[89],"tags":[],"class_list":["post-7331","post","type-post","status-publish","format-standard","has-post-thumbnail","hentry","category-unc"],"jetpack_featured_media_url":"https:\/\/atecordoba.org\/wp-content\/uploads\/2020\/05\/logo-nuevochico-e1561581322808.png","_links":{"self":[{"href":"https:\/\/atecordoba.org\/index.php?rest_route=\/wp\/v2\/posts\/7331","targetHints":{"allow":["GET"]}}],"collection":[{"href":"https:\/\/atecordoba.org\/index.php?rest_route=\/wp\/v2\/posts"}],"about":[{"href":"https:\/\/atecordoba.org\/index.php?rest_route=\/wp\/v2\/types\/post"}],"author":[{"embeddable":true,"href":"https:\/\/atecordoba.org\/index.php?rest_route=\/wp\/v2\/users\/1"}],"replies":[{"embeddable":true,"href":"https:\/\/atecordoba.org\/index.php?rest_route=%2Fwp%2Fv2%2Fcomments&post=7331"}],"version-history":[{"count":0,"href":"https:\/\/atecordoba.org\/index.php?rest_route=\/wp\/v2\/posts\/7331\/revisions"}],"wp:featuredmedia":[{"embeddable":true,"href":"https:\/\/atecordoba.org\/index.php?rest_route=\/wp\/v2\/media\/19220"}],"wp:attachment":[{"href":"https:\/\/atecordoba.org\/index.php?rest_route=%2Fwp%2Fv2%2Fmedia&parent=7331"}],"wp:term":[{"taxonomy":"category","embeddable":true,"href":"https:\/\/atecordoba.org\/index.php?rest_route=%2Fwp%2Fv2%2Fcategories&post=7331"},{"taxonomy":"post_tag","embeddable":true,"href":"https:\/\/atecordoba.org\/index.php?rest_route=%2Fwp%2Fv2%2Ftags&post=7331"}],"curies":[{"name":"wp","href":"https:\/\/api.w.org\/{rel}","templated":true}]}}