{"id":7328,"date":"2016-09-15T18:00:48","date_gmt":"2016-09-15T21:00:48","guid":{"rendered":"http:\/\/www.atecordoba.org\/?p=7328"},"modified":"2016-09-15T18:00:48","modified_gmt":"2016-09-15T21:00:48","slug":"a-pesar-de-los-aprietes-ate-no-cede","status":"publish","type":"post","link":"https:\/\/atecordoba.org\/?p=7328","title":{"rendered":"A pesar de los aprietes, ATE no cede"},"content":{"rendered":"<p><em>Los trabajadores de la Facultad de Ciencias Exactas, F\u00edsicas y Naturales se organizan en ATE.<br \/>\n<\/em><\/p>\n<p><img loading=\"lazy\" decoding=\"async\" class=\"aligncenter size-full wp-image-7329\" src=\"http:\/\/www.atecordoba.org\/wp-content\/uploads\/2016\/09\/Conflicto-FCEFyN-e1473973222561.jpeg\" alt=\"Conflicto FCEFyN\" width=\"550\" height=\"309\" \/><\/p>\n<p>Despu\u00e9s de un par de intensas reuniones con miembros de la Conducci\u00f3n de ATE donde se discutieron los diversos problemas que aquejan a los compa\u00f1eros de la Facultad de Ciencias Exactas, F\u00edsicas y Naturales, un grupo de trabajadores no docentes decidieron afiliarse y construir ATE en dicha dependencia.<\/p>\n<p>La falta de trasparencia en los concursos, el constante atropello a la carrera administrativa, traslados injustificados, la precarizaci\u00f3n laboral y la falta de respuesta a dichas injusticias fueron parte de los problemas que se pusieron sobre la mesa y generan la necesidad de organizaci\u00f3n de los compa\u00f1eros.<\/p>\n<p>Con el fin de mantener un contacto m\u00e1s fluido con el conjunto de los compa\u00f1eros de dicha dependencia y con el objetivo de realizar la llamada a elecci\u00f3n de delegados en breve, se nombr\u00f3 como delegados normalizadores a los compa\u00f1eros Juan Manuel S\u00e1nchez Buteler y Marcelo Rafael Gonz\u00e1lez.<\/p>\n","protected":false},"excerpt":{"rendered":"<p>Los trabajadores de la Facultad de Ciencias Exactas, F\u00edsicas y Naturales se organizan en ATE. Despu\u00e9s de un par de intensas reuniones con miembros de la Conducci\u00f3n de ATE donde se discutieron los diversos problemas que aquejan a los compa\u00f1eros de la Facultad de Ciencias Exactas, F\u00edsicas y Naturales, un grupo de trabajadores no docentes [&hellip;]<\/p>\n","protected":false},"author":1,"featured_media":19220,"comment_status":"open","ping_status":"open","sticky":false,"template":"","format":"standard","meta":{"_exactmetrics_skip_tracking":false,"_exactmetrics_sitenote_active":false,"_exactmetrics_sitenote_note":"","_exactmetrics_sitenote_category":0,"jnews-multi-image_gallery":[],"jnews_single_post":[],"jnews_primary_category":[],"jnews_social_meta":[],"jnews_review":[],"enable_review":"","type":"","name":"","summary":"","brand":"","sku":"","good":[],"bad":[],"score_override":"","override_value":"","rating":[],"price":[],"jnews_override_counter":[],"jnews_post_split":[],"footnotes":""},"categories":[89],"tags":[],"class_list":["post-7328","post","type-post","status-publish","format-standard","has-post-thumbnail","hentry","category-unc"],"jetpack_featured_media_url":"https:\/\/atecordoba.org\/wp-content\/uploads\/2020\/05\/logo-nuevochico-e1561581322808.png","_links":{"self":[{"href":"https:\/\/atecordoba.org\/index.php?rest_route=\/wp\/v2\/posts\/7328","targetHints":{"allow":["GET"]}}],"collection":[{"href":"https:\/\/atecordoba.org\/index.php?rest_route=\/wp\/v2\/posts"}],"about":[{"href":"https:\/\/atecordoba.org\/index.php?rest_route=\/wp\/v2\/types\/post"}],"author":[{"embeddable":true,"href":"https:\/\/atecordoba.org\/index.php?rest_route=\/wp\/v2\/users\/1"}],"replies":[{"embeddable":true,"href":"https:\/\/atecordoba.org\/index.php?rest_route=%2Fwp%2Fv2%2Fcomments&post=7328"}],"version-history":[{"count":0,"href":"https:\/\/atecordoba.org\/index.php?rest_route=\/wp\/v2\/posts\/7328\/revisions"}],"wp:featuredmedia":[{"embeddable":true,"href":"https:\/\/atecordoba.org\/index.php?rest_route=\/wp\/v2\/media\/19220"}],"wp:attachment":[{"href":"https:\/\/atecordoba.org\/index.php?rest_route=%2Fwp%2Fv2%2Fmedia&parent=7328"}],"wp:term":[{"taxonomy":"category","embeddable":true,"href":"https:\/\/atecordoba.org\/index.php?rest_route=%2Fwp%2Fv2%2Fcategories&post=7328"},{"taxonomy":"post_tag","embeddable":true,"href":"https:\/\/atecordoba.org\/index.php?rest_route=%2Fwp%2Fv2%2Ftags&post=7328"}],"curies":[{"name":"wp","href":"https:\/\/api.w.org\/{rel}","templated":true}]}}