{"id":7321,"date":"2016-09-15T15:58:37","date_gmt":"2016-09-15T18:58:37","guid":{"rendered":"http:\/\/www.atecordoba.org\/?p=7321"},"modified":"2016-09-15T15:58:37","modified_gmt":"2016-09-15T18:58:37","slug":"se-desarrollo-una-nueva-jornada-de-protesta-en-el-hospital-cordoba","status":"publish","type":"post","link":"https:\/\/atecordoba.org\/?p=7321","title":{"rendered":"Se desarroll\u00f3 una nueva jornada de protesta en el Hospital C\u00f3rdoba"},"content":{"rendered":"<p><em>Fue en el d\u00eda de ayer y hubo representantes del Consejo Directivo Provincial y compa\u00f1eros de varios hospitales. Los reclamos fueron los que viene llevando adelante nuestro gremio en el \u00faltimo tiempo.<\/em><\/p>\n<p><img loading=\"lazy\" decoding=\"async\" class=\"aligncenter size-full wp-image-7322\" src=\"http:\/\/www.atecordoba.org\/wp-content\/uploads\/2016\/09\/WhatsApp-Image-2016-09-14-at-16.23.04-e1473965816479.jpeg\" alt=\"WhatsApp Image 2016-09-14 at 16.23.04\" width=\"550\" height=\"413\" \/><\/p>\n<p>Con buena participaci\u00f3n de los compa\u00f1eros, se llev\u00f3 adelante ayer una nueva jornada de protesta en el marco del plan de lucha. Los reclamos centrales son la reapertura de la discusi\u00f3n salarial, el pase a planta permanente y el rechazo a la armonizaci\u00f3n de la Caja de Jubilaciones. Tambi\u00e9n se manifest\u00f3 el apoyo a las acciones gremiales previstas para los pr\u00f3ximos d\u00edas: la concentraci\u00f3n frente a la Caja de Jubilaciones que se har\u00e1 el 20 de septiembre, el paro nacional del 29 de este mes y la carpa que ya instalaron los jubilados en Plaza San Mart\u00edn para reclamar por el 82% m\u00f3vil.<\/p>\n<p>Adem\u00e1s de los compa\u00f1eros del Hospital C\u00f3rdoba, tomaron parte de la jornada de protesta de hoy representantes del Hospital San Roque, Hospital Rawson, Maternidad Provincial, Hospital de Ni\u00f1os, Hospital Neonatal, Hospital Tr\u00e1nsito C\u00e1ceres de Allende y Hospital de Santa Mar\u00eda de Punilla. Adem\u00e1s, compa\u00f1eros de reparticiones como ANSES, Pami, Ministerio de Desarrollo Social, SENAF, etc.<\/p>\n<p><img loading=\"lazy\" decoding=\"async\" class=\"aligncenter size-full wp-image-7323\" src=\"http:\/\/www.atecordoba.org\/wp-content\/uploads\/2016\/09\/WhatsApp-Image-2016-09-14-at-16.23.11-e1473965826168.jpeg\" alt=\"WhatsApp Image 2016-09-14 at 16.23.11\" width=\"550\" height=\"413\" \/><\/p>\n<p>Luego de escuchar la palabra de distintos oradores, la jornada culmin\u00f3 con una choripaneada con el fin de recaudar aportes para el fondo de huelga para los trabajadores a quienes no se les renov\u00f3 el contrato.<\/p>\n","protected":false},"excerpt":{"rendered":"<p>Fue en el d\u00eda de ayer y hubo representantes del Consejo Directivo Provincial y compa\u00f1eros de varios hospitales. Los reclamos fueron los que viene llevando adelante nuestro gremio en el \u00faltimo tiempo. Con buena participaci\u00f3n de los compa\u00f1eros, se llev\u00f3 adelante ayer una nueva jornada de protesta en el marco del plan de lucha. Los [&hellip;]<\/p>\n","protected":false},"author":1,"featured_media":19220,"comment_status":"open","ping_status":"open","sticky":false,"template":"","format":"standard","meta":{"_exactmetrics_skip_tracking":false,"_exactmetrics_sitenote_active":false,"_exactmetrics_sitenote_note":"","_exactmetrics_sitenote_category":0,"jnews-multi-image_gallery":[],"jnews_single_post":[],"jnews_primary_category":[],"jnews_social_meta":[],"jnews_review":[],"enable_review":"","type":"","name":"","summary":"","brand":"","sku":"","good":[],"bad":[],"score_override":"","override_value":"","rating":[],"price":[],"jnews_override_counter":[],"jnews_post_split":[],"footnotes":""},"categories":[7,8],"tags":[],"class_list":["post-7321","post","type-post","status-publish","format-standard","has-post-thumbnail","hentry","category-hospitales","category-provinciales"],"jetpack_featured_media_url":"https:\/\/atecordoba.org\/wp-content\/uploads\/2020\/05\/logo-nuevochico-e1561581322808.png","_links":{"self":[{"href":"https:\/\/atecordoba.org\/index.php?rest_route=\/wp\/v2\/posts\/7321","targetHints":{"allow":["GET"]}}],"collection":[{"href":"https:\/\/atecordoba.org\/index.php?rest_route=\/wp\/v2\/posts"}],"about":[{"href":"https:\/\/atecordoba.org\/index.php?rest_route=\/wp\/v2\/types\/post"}],"author":[{"embeddable":true,"href":"https:\/\/atecordoba.org\/index.php?rest_route=\/wp\/v2\/users\/1"}],"replies":[{"embeddable":true,"href":"https:\/\/atecordoba.org\/index.php?rest_route=%2Fwp%2Fv2%2Fcomments&post=7321"}],"version-history":[{"count":0,"href":"https:\/\/atecordoba.org\/index.php?rest_route=\/wp\/v2\/posts\/7321\/revisions"}],"wp:featuredmedia":[{"embeddable":true,"href":"https:\/\/atecordoba.org\/index.php?rest_route=\/wp\/v2\/media\/19220"}],"wp:attachment":[{"href":"https:\/\/atecordoba.org\/index.php?rest_route=%2Fwp%2Fv2%2Fmedia&parent=7321"}],"wp:term":[{"taxonomy":"category","embeddable":true,"href":"https:\/\/atecordoba.org\/index.php?rest_route=%2Fwp%2Fv2%2Fcategories&post=7321"},{"taxonomy":"post_tag","embeddable":true,"href":"https:\/\/atecordoba.org\/index.php?rest_route=%2Fwp%2Fv2%2Ftags&post=7321"}],"curies":[{"name":"wp","href":"https:\/\/api.w.org\/{rel}","templated":true}]}}