{"id":7316,"date":"2016-09-12T18:01:58","date_gmt":"2016-09-12T21:01:58","guid":{"rendered":"http:\/\/www.atecordoba.org\/?p=7316"},"modified":"2016-09-12T18:01:58","modified_gmt":"2016-09-12T21:01:58","slug":"elecciones-de-delegados-en-la-maternidad-provincial","status":"publish","type":"post","link":"https:\/\/atecordoba.org\/?p=7316","title":{"rendered":"Elecciones de delegados en la Maternidad Provincial"},"content":{"rendered":"<p><em>Se eligi\u00f3 el nuevo cuerpo de delegados de esa instituci\u00f3n por los pr\u00f3ximos dos a\u00f1os. Buena participaci\u00f3n de todos los sectores.<\/em><\/p>\n<p><img loading=\"lazy\" decoding=\"async\" class=\"aligncenter size-full wp-image-7353\" src=\"http:\/\/www.atecordoba.org\/wp-content\/uploads\/2016\/09\/IMG-20160812-WA0026-1-e1474570914697.jpg\" alt=\"IMG-20160812-WA0026\" width=\"550\" height=\"387\" \/><\/p>\n<p>El pasado 25 de agosto se llevaron a cabo las elecciones de cuerpo de delegados de la Maternidad Provincial, que oficializaron los nombres de los siete delegados electos. Los resultados fueron los siguientes:<\/p>\n<p>Dr. Pic\u00f3n Ponce: 70 votos.<\/p>\n<p>Omar Alerzia: 51 votos.<\/p>\n<p>Roberto Calveti: 49 votos.<\/p>\n<p>Gabriela Garc\u00eda: 37 votos.<\/p>\n<p>Zelma Godoy: 29 votos.<\/p>\n<p>Ernesto Arias: 16 votos.<\/p>\n<p>Mar\u00eda Salvatierra: 14 votos.<\/p>\n<p>El Dr. Pic\u00f3n Ponce, Gabriela Garc\u00eda y Mar\u00eda Salvatierra son quienes se suman al cuerpo de delegados, ya que los dem\u00e1s ya estaban en funciones desde el per\u00edodo anterior.<\/p>\n<p>Las elecciones se desarrollaron en un marco de total tranquilidad y con buena participaci\u00f3n de los compa\u00f1eros. Es importante destacar que tomaron parte de las elecciones trabajadores de distintos sectores: m\u00e9dicos, enfermer\u00eda, administrativos, etc\u00e9tera.<\/p>\n","protected":false},"excerpt":{"rendered":"<p>Se eligi\u00f3 el nuevo cuerpo de delegados de esa instituci\u00f3n por los pr\u00f3ximos dos a\u00f1os. Buena participaci\u00f3n de todos los sectores. El pasado 25 de agosto se llevaron a cabo las elecciones de cuerpo de delegados de la Maternidad Provincial, que oficializaron los nombres de los siete delegados electos. Los resultados fueron los siguientes: Dr. [&hellip;]<\/p>\n","protected":false},"author":1,"featured_media":19220,"comment_status":"open","ping_status":"open","sticky":false,"template":"","format":"standard","meta":{"_exactmetrics_skip_tracking":false,"_exactmetrics_sitenote_active":false,"_exactmetrics_sitenote_note":"","_exactmetrics_sitenote_category":0,"jnews-multi-image_gallery":[],"jnews_single_post":[],"jnews_primary_category":[],"jnews_social_meta":[],"jnews_review":[],"enable_review":"","type":"","name":"","summary":"","brand":"","sku":"","good":[],"bad":[],"score_override":"","override_value":"","rating":[],"price":[],"jnews_override_counter":[],"jnews_post_split":[],"footnotes":""},"categories":[7,8],"tags":[],"class_list":["post-7316","post","type-post","status-publish","format-standard","has-post-thumbnail","hentry","category-hospitales","category-provinciales"],"jetpack_featured_media_url":"https:\/\/atecordoba.org\/wp-content\/uploads\/2020\/05\/logo-nuevochico-e1561581322808.png","_links":{"self":[{"href":"https:\/\/atecordoba.org\/index.php?rest_route=\/wp\/v2\/posts\/7316","targetHints":{"allow":["GET"]}}],"collection":[{"href":"https:\/\/atecordoba.org\/index.php?rest_route=\/wp\/v2\/posts"}],"about":[{"href":"https:\/\/atecordoba.org\/index.php?rest_route=\/wp\/v2\/types\/post"}],"author":[{"embeddable":true,"href":"https:\/\/atecordoba.org\/index.php?rest_route=\/wp\/v2\/users\/1"}],"replies":[{"embeddable":true,"href":"https:\/\/atecordoba.org\/index.php?rest_route=%2Fwp%2Fv2%2Fcomments&post=7316"}],"version-history":[{"count":0,"href":"https:\/\/atecordoba.org\/index.php?rest_route=\/wp\/v2\/posts\/7316\/revisions"}],"wp:featuredmedia":[{"embeddable":true,"href":"https:\/\/atecordoba.org\/index.php?rest_route=\/wp\/v2\/media\/19220"}],"wp:attachment":[{"href":"https:\/\/atecordoba.org\/index.php?rest_route=%2Fwp%2Fv2%2Fmedia&parent=7316"}],"wp:term":[{"taxonomy":"category","embeddable":true,"href":"https:\/\/atecordoba.org\/index.php?rest_route=%2Fwp%2Fv2%2Fcategories&post=7316"},{"taxonomy":"post_tag","embeddable":true,"href":"https:\/\/atecordoba.org\/index.php?rest_route=%2Fwp%2Fv2%2Ftags&post=7316"}],"curies":[{"name":"wp","href":"https:\/\/api.w.org\/{rel}","templated":true}]}}