{"id":7312,"date":"2016-09-12T15:11:29","date_gmt":"2016-09-12T18:11:29","guid":{"rendered":"http:\/\/www.atecordoba.org\/?p=7312"},"modified":"2016-09-12T15:11:29","modified_gmt":"2016-09-12T18:11:29","slug":"recrudece-el-conflicto-de-iose-a-nivel-nacional","status":"publish","type":"post","link":"https:\/\/atecordoba.org\/?p=7312","title":{"rendered":"Recrudece el conflicto de IOSE a nivel nacional"},"content":{"rendered":"<p><em>Contin\u00faan las medidas de fuerza en el Instituto de obra social del ejercito por el incumplimiento de acta acuerdo que establec\u00eda aumento de salario, ascensos extraordinarios y que se destraben concursos.<\/em><\/p>\n<p><img loading=\"lazy\" decoding=\"async\" class=\"aligncenter size-full wp-image-7313\" src=\"http:\/\/www.atecordoba.org\/wp-content\/uploads\/2016\/09\/IMG-20160912-WA0012-e1473703826148.jpg\" alt=\"IMG-20160912-WA0012\" width=\"550\" height=\"309\" \/><\/p>\n<p>Los compa\u00f1eros de IOSE siguen con paros, asambleas y movilizaciones en todo el pa\u00eds. El conflicto se inici\u00f3 en abril del corriente a\u00f1o y el motivo por el que se mantiene es el incumplimiento de lo firmado en un acta acuerdo el d\u00eda 5 de agosto. Ese acta acuerdo daba a los trabajadores un aumento en el vi\u00e1tico transitorio de $3000, dos categor\u00edas de ascenso extraordinario y el destrabe de los concursos de pase a planta permanente.<\/p>\n<p>En C\u00f3rdoba se realizaron en lo que va de este mes asambleas de dos horas diarias y numerosos paros que pr\u00e1cticamente dejaron la prestaci\u00f3n de la obra social en su m\u00ednima expresi\u00f3n, ya que se atienden s\u00f3lo urgencias y prestaciones especiales. Los reclamos fueron visibilizados con caminatas por la peatonal, entrega de volantes y asambleas abiertas frente a la Farmacia IOSE C\u00f3rdoba y CAR NOROESTE. Las medidas se realizaron con alto acatamiento no s\u00f3lo de los afiliados a ATE sino tambi\u00e9n de compa\u00f1eros no afiliados al gremio.<\/p>\n<p><img loading=\"lazy\" decoding=\"async\" class=\"aligncenter size-full wp-image-7314\" src=\"http:\/\/www.atecordoba.org\/wp-content\/uploads\/2016\/09\/IMG-20160912-WA0019-e1473703859483.jpg\" alt=\"IMG-20160912-WA0019\" width=\"550\" height=\"412\" \/><\/p>\n<p>Desde la patronal respondieron con un fr\u00edo silencio a lo largo de la \u00faltima semana, por lo que los compa\u00f1eros siguen firmes en la lucha. De no abrirse nuevamente una mesa de di\u00e1logo, las medidas seguir\u00e1n llev\u00e1ndose adelante como dispongan las diferentes asambleas en todo el pa\u00eds.<\/p>\n","protected":false},"excerpt":{"rendered":"<p>Contin\u00faan las medidas de fuerza en el Instituto de obra social del ejercito por el incumplimiento de acta acuerdo que establec\u00eda aumento de salario, ascensos extraordinarios y que se destraben concursos. Los compa\u00f1eros de IOSE siguen con paros, asambleas y movilizaciones en todo el pa\u00eds. El conflicto se inici\u00f3 en abril del corriente a\u00f1o y [&hellip;]<\/p>\n","protected":false},"author":1,"featured_media":19220,"comment_status":"open","ping_status":"open","sticky":false,"template":"","format":"standard","meta":{"_exactmetrics_skip_tracking":false,"_exactmetrics_sitenote_active":false,"_exactmetrics_sitenote_note":"","_exactmetrics_sitenote_category":0,"jnews-multi-image_gallery":[],"jnews_single_post":[],"jnews_primary_category":[],"jnews_social_meta":[],"jnews_review":[],"enable_review":"","type":"","name":"","summary":"","brand":"","sku":"","good":[],"bad":[],"score_override":"","override_value":"","rating":[],"price":[],"jnews_override_counter":[],"jnews_post_split":[],"footnotes":""},"categories":[99,18],"tags":[],"class_list":["post-7312","post","type-post","status-publish","format-standard","has-post-thumbnail","hentry","category-iose","category-nacionales"],"jetpack_featured_media_url":"https:\/\/atecordoba.org\/wp-content\/uploads\/2020\/05\/logo-nuevochico-e1561581322808.png","_links":{"self":[{"href":"https:\/\/atecordoba.org\/index.php?rest_route=\/wp\/v2\/posts\/7312","targetHints":{"allow":["GET"]}}],"collection":[{"href":"https:\/\/atecordoba.org\/index.php?rest_route=\/wp\/v2\/posts"}],"about":[{"href":"https:\/\/atecordoba.org\/index.php?rest_route=\/wp\/v2\/types\/post"}],"author":[{"embeddable":true,"href":"https:\/\/atecordoba.org\/index.php?rest_route=\/wp\/v2\/users\/1"}],"replies":[{"embeddable":true,"href":"https:\/\/atecordoba.org\/index.php?rest_route=%2Fwp%2Fv2%2Fcomments&post=7312"}],"version-history":[{"count":0,"href":"https:\/\/atecordoba.org\/index.php?rest_route=\/wp\/v2\/posts\/7312\/revisions"}],"wp:featuredmedia":[{"embeddable":true,"href":"https:\/\/atecordoba.org\/index.php?rest_route=\/wp\/v2\/media\/19220"}],"wp:attachment":[{"href":"https:\/\/atecordoba.org\/index.php?rest_route=%2Fwp%2Fv2%2Fmedia&parent=7312"}],"wp:term":[{"taxonomy":"category","embeddable":true,"href":"https:\/\/atecordoba.org\/index.php?rest_route=%2Fwp%2Fv2%2Fcategories&post=7312"},{"taxonomy":"post_tag","embeddable":true,"href":"https:\/\/atecordoba.org\/index.php?rest_route=%2Fwp%2Fv2%2Ftags&post=7312"}],"curies":[{"name":"wp","href":"https:\/\/api.w.org\/{rel}","templated":true}]}}