{"id":7310,"date":"2016-09-10T16:45:47","date_gmt":"2016-09-10T19:45:47","guid":{"rendered":"http:\/\/www.atecordoba.org\/?p=7310"},"modified":"2016-09-10T16:45:47","modified_gmt":"2016-09-10T19:45:47","slug":"feliz-dia-del-maestro","status":"publish","type":"post","link":"https:\/\/atecordoba.org\/?p=7310","title":{"rendered":"\u00a1Feliz d\u00eda del maestro!"},"content":{"rendered":"<p><em>ATE C\u00f3rdoba saluda a los trabajadores docentes estatales en su d\u00eda.<\/em><\/p>\n<p>Nuestro gremio desea hacer llegar su salutaci\u00f3n a todos los compa\u00f1eros trabajadores docentes estatales, con motivo de conmemorarse el D\u00eda del Maestro el d\u00eda domingo.<\/p>\n<p>Los docentes estatales son el sost\u00e9n fundamental de un sistema educativo de car\u00e1cter p\u00fablico que ha sido uno de los orgullos argentinos en el contexto latinoamericano a lo largo de m\u00e1s de un siglo. Tantas veces castigados, especialmente por los bajos salarios y por el objetivo nunca alcanzado del 82% m\u00f3vil, los compa\u00f1eros docentes son el pilar sobre el que se sostiene la educaci\u00f3n de las nuevas generaciones de argentinos, donde anidan las posibilidades de construcci\u00f3n de progreso para nuestra patria.<\/p>\n<p>En este marco, desde ATE C\u00f3rdoba queremos reafirmar nuestro compromiso para con la defensa de los trabajadores docentes estatales y nuestro acompa\u00f1amiento en todas sus luchas.<\/p>\n<p>Luis B\u00e1rcena<br \/>\nSecretario General Adjunto<\/p>\n","protected":false},"excerpt":{"rendered":"<p>ATE C\u00f3rdoba saluda a los trabajadores docentes estatales en su d\u00eda. Nuestro gremio desea hacer llegar su salutaci\u00f3n a todos los compa\u00f1eros trabajadores docentes estatales, con motivo de conmemorarse el D\u00eda del Maestro el d\u00eda domingo. Los docentes estatales son el sost\u00e9n fundamental de un sistema educativo de car\u00e1cter p\u00fablico que ha sido uno de [&hellip;]<\/p>\n","protected":false},"author":1,"featured_media":19220,"comment_status":"open","ping_status":"open","sticky":false,"template":"","format":"standard","meta":{"_exactmetrics_skip_tracking":false,"_exactmetrics_sitenote_active":false,"_exactmetrics_sitenote_note":"","_exactmetrics_sitenote_category":0,"jnews-multi-image_gallery":[],"jnews_single_post":[],"jnews_primary_category":[],"jnews_social_meta":[],"jnews_review":[],"enable_review":"","type":"","name":"","summary":"","brand":"","sku":"","good":[],"bad":[],"score_override":"","override_value":"","rating":[],"price":[],"jnews_override_counter":[],"jnews_post_split":[],"footnotes":""},"categories":[1],"tags":[],"class_list":["post-7310","post","type-post","status-publish","format-standard","has-post-thumbnail","hentry","category-sin-categoria"],"jetpack_featured_media_url":"https:\/\/atecordoba.org\/wp-content\/uploads\/2020\/05\/logo-nuevochico-e1561581322808.png","_links":{"self":[{"href":"https:\/\/atecordoba.org\/index.php?rest_route=\/wp\/v2\/posts\/7310","targetHints":{"allow":["GET"]}}],"collection":[{"href":"https:\/\/atecordoba.org\/index.php?rest_route=\/wp\/v2\/posts"}],"about":[{"href":"https:\/\/atecordoba.org\/index.php?rest_route=\/wp\/v2\/types\/post"}],"author":[{"embeddable":true,"href":"https:\/\/atecordoba.org\/index.php?rest_route=\/wp\/v2\/users\/1"}],"replies":[{"embeddable":true,"href":"https:\/\/atecordoba.org\/index.php?rest_route=%2Fwp%2Fv2%2Fcomments&post=7310"}],"version-history":[{"count":0,"href":"https:\/\/atecordoba.org\/index.php?rest_route=\/wp\/v2\/posts\/7310\/revisions"}],"wp:featuredmedia":[{"embeddable":true,"href":"https:\/\/atecordoba.org\/index.php?rest_route=\/wp\/v2\/media\/19220"}],"wp:attachment":[{"href":"https:\/\/atecordoba.org\/index.php?rest_route=%2Fwp%2Fv2%2Fmedia&parent=7310"}],"wp:term":[{"taxonomy":"category","embeddable":true,"href":"https:\/\/atecordoba.org\/index.php?rest_route=%2Fwp%2Fv2%2Fcategories&post=7310"},{"taxonomy":"post_tag","embeddable":true,"href":"https:\/\/atecordoba.org\/index.php?rest_route=%2Fwp%2Fv2%2Ftags&post=7310"}],"curies":[{"name":"wp","href":"https:\/\/api.w.org\/{rel}","templated":true}]}}