{"id":7307,"date":"2016-09-07T14:37:47","date_gmt":"2016-09-07T17:37:47","guid":{"rendered":"http:\/\/www.atecordoba.org\/?p=7307"},"modified":"2016-09-07T14:37:47","modified_gmt":"2016-09-07T17:37:47","slug":"asamblea-del-personal-civil-de-las-fuerzas-armadas","status":"publish","type":"post","link":"https:\/\/atecordoba.org\/?p=7307","title":{"rendered":"Asamblea del personal civil de las Fuerzas Armadas"},"content":{"rendered":"<p><em>El d\u00eda 5 de Septiembre ATE realiz\u00f3 una asamblea informativa sobre el Convenio Colectivo de Trabajo Sectorial para el Personal Civil y Docente de las Fuerzas Armadas.<\/em><\/p>\n<p><img loading=\"lazy\" decoding=\"async\" class=\"aligncenter size-full wp-image-7308\" src=\"http:\/\/www.atecordoba.org\/wp-content\/uploads\/2016\/09\/Sin-t\u00edtulo-e1473269770978.jpg\" alt=\"Sin t\u00edtulo\" width=\"290\" height=\"291\" \/><\/p>\n<p>Frente al traspaso de los Trabajadores Civiles de la Ley 20239 (Estatuto de Personal Civil de las FFAA) al Decreto 2579\/15, \u00a0ATE se reuni\u00f3 en asamblea para informar sobre las condiciones del nuevo <strong>Convenio Colectivo Sectorial<\/strong>.<\/p>\n<p>Haciendo un breve repaso de lo hecho hasta la fecha por nuestro gremio, encontramos que se ha llevado adelante un largo proceso \u00a0que dur\u00f3 casi diez a\u00f1os donde ATE present\u00f3 numerosos proyectos de los cuales muy pocos fueron tomados en cuenta por parte de la patronal. Finalmente, el Gobierno cit\u00f3 a los gremios para la firma del nuevo Convenio Colectivo de Trabajo Sectorial y despu\u00e9s de un pormenorizado an\u00e1lisis del mismo, ATE firm\u00f3 en disconformidad por una serie de irregularidades y por considerarlo desactualizado.<\/p>\n<p>Durante el per\u00edodo Septiembre-Octubre del corriente a\u00f1o \u00a0se comenzar\u00e1 a re encasillar a todo el Personal Civil. Es por ello que en la asamblea se presentaron y explicaron las planillas de reencasillamiento, los requisitos a tener en cuenta y la importancia que cumplen los veedores gremiales como parte del proceso.<\/p>\n<p>Finalizando la asamblea se fijaron los siguientes objetivos:<\/p>\n<ul>\n<li>Trabajar para obtener una Unidad Retributiva que proporcione sueldos dignos a los compa\u00f1eros, asegurando la no aplicaci\u00f3n del Decreto Compensador 5592\/68. En este sentido, vamos a requerir una U.R.= $14,46;<\/li>\n<li>Recuperar la Jornada Laboral de 7 horas para todos los que la cumplen actualmente;<\/li>\n<li>Instrumentar a la brevedad los Tramos, para incrementar la incidencia del concepto de Antig\u00fcedad Calificada y de esta manera, morigerar la desaparici\u00f3n del adicional por antig\u00fcedad;<\/li>\n<li>Posibilitar el reencasillamiento de los Trabajadores con un Secundario T\u00e9cnico en el Nivel III;<\/li>\n<li>Lograr una participaci\u00f3n efectiva de ATE en los \u00d3rganos Paritarios, que son las estructuras en las que se finalizar\u00e1 de instrumentar el Convenio;<\/li>\n<li>Seguir peleando por el pase a Planta Permanente de los contratados.<\/li>\n<\/ul>\n","protected":false},"excerpt":{"rendered":"<p>El d\u00eda 5 de Septiembre ATE realiz\u00f3 una asamblea informativa sobre el Convenio Colectivo de Trabajo Sectorial para el Personal Civil y Docente de las Fuerzas Armadas. Frente al traspaso de los Trabajadores Civiles de la Ley 20239 (Estatuto de Personal Civil de las FFAA) al Decreto 2579\/15, \u00a0ATE se reuni\u00f3 en asamblea para informar [&hellip;]<\/p>\n","protected":false},"author":1,"featured_media":19220,"comment_status":"open","ping_status":"open","sticky":false,"template":"","format":"standard","meta":{"_exactmetrics_skip_tracking":false,"_exactmetrics_sitenote_active":false,"_exactmetrics_sitenote_note":"","_exactmetrics_sitenote_category":0,"jnews-multi-image_gallery":[],"jnews_single_post":[],"jnews_primary_category":[],"jnews_social_meta":[],"jnews_review":[],"enable_review":"","type":"","name":"","summary":"","brand":"","sku":"","good":[],"bad":[],"score_override":"","override_value":"","rating":[],"price":[],"jnews_override_counter":[],"jnews_post_split":[],"footnotes":""},"categories":[18,9],"tags":[],"class_list":["post-7307","post","type-post","status-publish","format-standard","has-post-thumbnail","hentry","category-nacionales","category-trabajadores-civiles-ff-aa"],"jetpack_featured_media_url":"https:\/\/atecordoba.org\/wp-content\/uploads\/2020\/05\/logo-nuevochico-e1561581322808.png","_links":{"self":[{"href":"https:\/\/atecordoba.org\/index.php?rest_route=\/wp\/v2\/posts\/7307","targetHints":{"allow":["GET"]}}],"collection":[{"href":"https:\/\/atecordoba.org\/index.php?rest_route=\/wp\/v2\/posts"}],"about":[{"href":"https:\/\/atecordoba.org\/index.php?rest_route=\/wp\/v2\/types\/post"}],"author":[{"embeddable":true,"href":"https:\/\/atecordoba.org\/index.php?rest_route=\/wp\/v2\/users\/1"}],"replies":[{"embeddable":true,"href":"https:\/\/atecordoba.org\/index.php?rest_route=%2Fwp%2Fv2%2Fcomments&post=7307"}],"version-history":[{"count":0,"href":"https:\/\/atecordoba.org\/index.php?rest_route=\/wp\/v2\/posts\/7307\/revisions"}],"wp:featuredmedia":[{"embeddable":true,"href":"https:\/\/atecordoba.org\/index.php?rest_route=\/wp\/v2\/media\/19220"}],"wp:attachment":[{"href":"https:\/\/atecordoba.org\/index.php?rest_route=%2Fwp%2Fv2%2Fmedia&parent=7307"}],"wp:term":[{"taxonomy":"category","embeddable":true,"href":"https:\/\/atecordoba.org\/index.php?rest_route=%2Fwp%2Fv2%2Fcategories&post=7307"},{"taxonomy":"post_tag","embeddable":true,"href":"https:\/\/atecordoba.org\/index.php?rest_route=%2Fwp%2Fv2%2Ftags&post=7307"}],"curies":[{"name":"wp","href":"https:\/\/api.w.org\/{rel}","templated":true}]}}